{"id":59084,"date":"2020-09-25T16:16:10","date_gmt":"2020-09-25T14:16:10","guid":{"rendered":"https:\/\/www.esteri.it\/sala_stampa\/archivionotizie\/comunicati\/2020\/09\/zagabria-in-scena-la-gioia-di-pippo-delbono\/"},"modified":"2020-09-25T16:16:10","modified_gmt":"2020-09-25T14:16:10","slug":"zagabria-in-scena-la-gioia-di-pippo-delbono","status":"publish","type":"post","link":"https:\/\/www.esteri.it\/it\/sala_stampa\/archivionotizie\/retediplomatica\/2020\/09\/zagabria-in-scena-la-gioia-di-pippo-delbono\/","title":{"rendered":"Zagabria: in scena  \u201cLa Gioia\u201d di Pippo Delbono"},"content":{"rendered":"<p>Dopo la riapertura dei suoi battenti al pubblico a seguito della fine della fase acuta della pandemia, con l\u2019organizzazione di due mostre nei mesi di giugno e luglio sull\u2019architettura di Vico Magistretti a Zagabria e sul patrimonio immateriale UNESCO italiano e croato presso il Museo della Citt\u00e0 di Vukovar, l\u2019Istituto Italiano di Cultura di Zagabria torna sul grande palco portando al Teatro Nazionale della citt\u00e0 lo spettacolo \u201cLa Gioia\u201d della compagnia Pippo Delbono, che dopo i successi del passato torna per la quinta volta a Zagabria.<\/p>\n<p>Il gruppo teatrale del regista e attore di fama mondiale della Commedia dell\u2019Arte Pippo Delbono si esibir\u00e0 nell&#8217;ambito della seconda parte del Festival del Teatro Mondial. Ci\u00f2 costituir\u00e0 la prima esibizione di un gruppo teatrale straniero nel Teatro Nazionale dopo la ripresa delle attivit\u00e0 artistiche, quale segno tangibile dell\u2019amicizia italo-croata e della passione e dell\u2019affetto del pubblico croato per l\u2019arte e il teatro italiani.<\/p>\n<p>Lo spettacolo \u201cLa Gioia\u201d \u2013 che metter\u00e0 in scena esuberanti celebrazioni carnevalesche in una sequenza di parole, musica, danza, immagini e dipinti \u2013 offre agli spettatori spunti di riflessione sul significato della morte nel contesto dell\u2019esperienza umana, mirando a una sua esorcizzazione ma al contempo alla presa di coscienza dell\u2019inscindibilit\u00e0 delle dimensioni della vita e della morte, che\u00a0\u00a0Delbono interpreta come due facce della stessa medaglia<\/p>\n<p>Come riferito dal Direttore del Dramma del Teatro nazionale croato, Ivica Buljan: \u201cL&#8217;intrigante Pippo Delbono con i suoi spettacoli stimola l&#8217;interesse offrendo agli spettatori una visione della vita e della morte alla quale nessuno pu\u00f2 rimanere indifferente.&#8221;<\/p>\n<p>La settimana di attivit\u00e0 dell\u2019Istituto di Cultura di Zagabria sar\u00e0 completato sabato 26 settembre dalla partecipazione alla Giornata Europea delle Lingue e al Festival Mondiale del Film d&#8217;Animazione con la proiezione del film \u201cLa Famosa Invasione degli Orsi in Sicilia\u201d<\/p>\n","protected":false},"excerpt":{"rendered":"Dopo la riapertura dei suoi battenti al pubblico a seguito della fine della fase acuta della pandemia, con l\u2019organizzazione di due mostre nei mesi di giugno e luglio sull\u2019architettura di Vico Magistretti a Zagabria e sul patrimonio immateriale UNESCO italiano e croato presso il Museo della Citt\u00e0 di Vukovar, l\u2019Istituto Italiano di Cultura di Zagabria [&hellip;]","protected":false},"author":1,"featured_media":0,"comment_status":"","ping_status":"","sticky":false,"template":"","format":"standard","meta":{"footnotes":""},"categories":[20],"tags":[32,9],"class_list":["post-59084","post","type-post","status-publish","format-standard","hentry","category-retediplomatica","tag-diplomazia-culturale","tag-europa"],"_links":{"self":[{"href":"https:\/\/www.esteri.it\/it\/wp-json\/wp\/v2\/posts\/59084","targetHints":{"allow":["GET"]}}],"collection":[{"href":"https:\/\/www.esteri.it\/it\/wp-json\/wp\/v2\/posts"}],"about":[{"href":"https:\/\/www.esteri.it\/it\/wp-json\/wp\/v2\/types\/post"}],"author":[{"embeddable":true,"href":"https:\/\/www.esteri.it\/it\/wp-json\/wp\/v2\/users\/1"}],"replies":[{"embeddable":true,"href":"https:\/\/www.esteri.it\/it\/wp-json\/wp\/v2\/comments?post=59084"}],"version-history":[{"count":0,"href":"https:\/\/www.esteri.it\/it\/wp-json\/wp\/v2\/posts\/59084\/revisions"}],"wp:attachment":[{"href":"https:\/\/www.esteri.it\/it\/wp-json\/wp\/v2\/media?parent=59084"}],"wp:term":[{"taxonomy":"category","embeddable":true,"href":"https:\/\/www.esteri.it\/it\/wp-json\/wp\/v2\/categories?post=59084"},{"taxonomy":"post_tag","embeddable":true,"href":"https:\/\/www.esteri.it\/it\/wp-json\/wp\/v2\/tags?post=59084"}],"curies":[{"name":"wp","href":"https:\/\/api.w.org\/{rel}","templated":true}]}}