{"id":59085,"date":"2020-09-25T15:07:57","date_gmt":"2020-09-25T13:07:57","guid":{"rendered":"https:\/\/www.esteri.it\/sala_stampa\/archivionotizie\/comunicati\/2020\/09\/lussemburgo-conferenza-raffaello-tra-urbino-a-perugia\/"},"modified":"2020-09-25T15:07:57","modified_gmt":"2020-09-25T13:07:57","slug":"lussemburgo-conferenza-raffaello-tra-urbino-a-perugia","status":"publish","type":"post","link":"https:\/\/www.esteri.it\/it\/sala_stampa\/archivionotizie\/retediplomatica\/2020\/09\/lussemburgo-conferenza-raffaello-tra-urbino-a-perugia\/","title":{"rendered":"Lussemburgo: conferenza &#8216;Raffaello da Urbino a Perugia&#8217;"},"content":{"rendered":"<p>Per celebrare il 500\/esimo anniversario della morte di Raffaello Sanzio, l&#8217;Ambasciata d&#8217;Italia in Lussemburgo ha organizzato nella cornice del Mus\u00e9e National d&#8217;Histoire et d&#8217;Art (MNHA Luxembourg) una conferenza sull&#8217;arte del genio indiscusso del rinascimento. La relazione su &#8220;Raffaello da Urbino a Perugia&#8221;, \u00e8 stata tenuta da Marco Pierini, direttore della Galleria Nazionale dell&#8217;Umbria di Perugia e della Galleria Nazionale delle Marche di Urbino, studioso e fine conoscitore del grande artista urbinate, il cui precoce talento e le pi\u00f9 significative opere del periodo giovanile sono stati illustrati davanti a un pubblico composto da personalit\u00e0 lussemburghesi ed esponenti della comunit\u00e0 italiana.<\/p>\n<p>Per assicurare un&#8217;ampia diffusione dell&#8217;evento, alla luce delle disposizioni anti-Covid-19, la conferenza \u00e8 stata trasmessa anche in diretta streaming sulla pagina facebook dell&#8217;Ambasciata, registrando un grande seguito di pubblico.\u00a0<\/p>\n","protected":false},"excerpt":{"rendered":"Per celebrare il 500\/esimo anniversario della morte di Raffaello Sanzio, l&#8217;Ambasciata d&#8217;Italia in Lussemburgo ha organizzato nella cornice del Mus\u00e9e National d&#8217;Histoire et d&#8217;Art (MNHA Luxembourg) una conferenza sull&#8217;arte del genio indiscusso del rinascimento. La relazione su &#8220;Raffaello da Urbino a Perugia&#8221;, \u00e8 stata tenuta da Marco Pierini, direttore della Galleria Nazionale dell&#8217;Umbria di Perugia [&hellip;]","protected":false},"author":1,"featured_media":0,"comment_status":"","ping_status":"","sticky":false,"template":"","format":"standard","meta":{"footnotes":""},"categories":[20],"tags":[32,9],"class_list":["post-59085","post","type-post","status-publish","format-standard","hentry","category-retediplomatica","tag-diplomazia-culturale","tag-europa"],"_links":{"self":[{"href":"https:\/\/www.esteri.it\/it\/wp-json\/wp\/v2\/posts\/59085","targetHints":{"allow":["GET"]}}],"collection":[{"href":"https:\/\/www.esteri.it\/it\/wp-json\/wp\/v2\/posts"}],"about":[{"href":"https:\/\/www.esteri.it\/it\/wp-json\/wp\/v2\/types\/post"}],"author":[{"embeddable":true,"href":"https:\/\/www.esteri.it\/it\/wp-json\/wp\/v2\/users\/1"}],"replies":[{"embeddable":true,"href":"https:\/\/www.esteri.it\/it\/wp-json\/wp\/v2\/comments?post=59085"}],"version-history":[{"count":0,"href":"https:\/\/www.esteri.it\/it\/wp-json\/wp\/v2\/posts\/59085\/revisions"}],"wp:attachment":[{"href":"https:\/\/www.esteri.it\/it\/wp-json\/wp\/v2\/media?parent=59085"}],"wp:term":[{"taxonomy":"category","embeddable":true,"href":"https:\/\/www.esteri.it\/it\/wp-json\/wp\/v2\/categories?post=59085"},{"taxonomy":"post_tag","embeddable":true,"href":"https:\/\/www.esteri.it\/it\/wp-json\/wp\/v2\/tags?post=59085"}],"curies":[{"name":"wp","href":"https:\/\/api.w.org\/{rel}","templated":true}]}}