{"id":59107,"date":"2020-09-11T15:09:21","date_gmt":"2020-09-11T13:09:21","guid":{"rendered":"https:\/\/www.esteri.it\/sala_stampa\/archivionotizie\/comunicati\/2020\/09\/iic-la-valletta-10-corti-in-giro-per-il-mondo\/"},"modified":"2020-09-11T15:09:21","modified_gmt":"2020-09-11T13:09:21","slug":"iic-la-valletta-10-corti-in-giro-per-il-mondo","status":"publish","type":"post","link":"https:\/\/www.esteri.it\/it\/sala_stampa\/archivionotizie\/retediplomatica\/2020\/09\/iic-la-valletta-10-corti-in-giro-per-il-mondo\/","title":{"rendered":"IIC La Valletta: 10 CORTI IN GIRO PER IL MONDO"},"content":{"rendered":"<p>L\u2019Istituto Italiano di Cultura | La Valletta,\u00a0in collaborazione con il Centro Nazionale del Cortometraggio, il Master in Film ed il Dipartimento di Italianistica, Facolt\u00e0 di Lettere dell\u2019Universit\u00e0 di Malta, presentano dieci cortometraggi italiani selezionati tra i lavori pi\u00f9 particolari e rappresentativi realizzati nel 2019, offrendo cos\u00ec una ricca panoramica sulla produzione dei corti contemporanea.<\/p>\n<p>Tutti i film sono in italiano con i sottotitoli in inglese e sono in visione gratuita in streaming, dal 10 al 20 settembre, un corto al giorno,\u00a0 sulla pagina Facebook dell&#8217;Istituto Italiano di Cultura\u00a0<a href=\"https:\/\/www.facebook.com\/Istitutoitalianodicultura.valletta\/\" target=\"_blank\" rel=\"noopener noreferrer\">https:\/\/www.facebook.com\/Istitutoitalianodicultura.valletta\/<\/a>\u00a0.<\/p>\n<p>Corti in programma:<\/p>\n<p>&#8211;\u00a0<strong>Borntwice | di Giada Bossi<\/strong>\u00a0(2019, 8\u2019)<br \/><i>Gio 10 Set 2020<br \/><\/i>Il protagonista del corto \u00e8 Joshua, fratello della regista. Un grave incidente in bicicletta \u201cmette in pausa\u201d la vita di Joshua, lasciandolo in coma. Il corto segue una serie di flash simili a un sogno, in cui si mescolano filmati della sua infanzia e video realizzati per YouTube da Joshua stesso mentre gioca a Minecraft.\u00a0<a href=\"https:\/\/iicvalletta.esteri.it\/iic_lavalletta\/it\/gli_eventi\/calendario\/2020\/09\/borntwice-di-giada-bossi-2019-8.html\" target=\"_blank\" rel=\"noopener noreferrer\">Leggi di pi\u00f9<\/a>.<\/p>\n<p>&#8211;\u00a0<strong>Il fagotto | di Giulia Giapponesi\u00a0<\/strong>(2019, 15\u2019)<br \/><i>Ven 11 Set 2020<br \/><\/i>In un\u2019Italia distopica e chiusa agli stranieri, che nell\u2019architettura e nelle atmosfere ricorda sinistramente il ventennio fascista e in cui la denatalit\u00e0 \u00e8 un grave problema, il Governo mette in atto politiche di pressione sulle donne, chiamate ogni anno in un ufficio statale a spiegare il motivo della loro mancata maternit\u00e0.\u00a0<a href=\"https:\/\/iicvalletta.esteri.it\/iic_lavalletta\/it\/gli_eventi\/calendario\/2020\/09\/il-fagotto-di-giulia-giapponesi.html\" target=\"_blank\" rel=\"noopener noreferrer\">Leggi di pi\u00f9<\/a>.<\/p>\n<p>&#8211;\u00a0<strong>Senza tenere premuto | di Paolo Strippoli<\/strong>\u00a0(2019, 13\u2019)<br \/><i>Sab 12 Set 2020<br \/><\/i>Chiara Mancuso ha ventitr\u00e9 anni e ama raccontare le sue giornate su Instagram. Ma quando una notte perde lo smartphone e qualcuno glielo ruba e inizia a filmarla condividendo i video a sua insaputa, la serata precipita in un vortice di pericolo e disperazione, story dopo story.\u00a0<a href=\"https:\/\/iicvalletta.esteri.it\/iic_lavalletta\/it\/gli_eventi\/calendario\/2020\/09\/senza-tenere-premuto-di-paolo-strippoli.html\" target=\"_blank\" rel=\"noopener noreferrer\">Leggi di pi\u00f9<\/a>.<\/p>\n<p>&#8211;\u00a0<strong>Lella | di Michele Capuano<\/strong>\u00a0(2019, 15\u2019)<br \/><i>Dom 13 Set 2020<br \/><\/i>La storia \u00e8 la \u2018trascrizione\u2019 in video di una canzone del 1970 che racconta la breve ma intensa avventura di due amanti.\u00a0<a href=\"https:\/\/iicvalletta.esteri.it\/iic_lavalletta\/it\/gli_eventi\/calendario\/2020\/09\/lella-di-michele-capuano-2019-15.html\" target=\"_blank\" rel=\"noopener noreferrer\">Leggi di pi\u00f9<\/a>.<\/p>\n<p>&#8211;\u00a0<strong>ll muro bianco | di A. Brusa e M. Scotuzzi<\/strong>\u00a0(2019, 13\u2019)<br \/><i>Lun 14 Set 2020<br \/><\/i>Le pareti della classe sono piene di amianto, \u00e8 pericoloso anche solo fissare con le puntine i disegni dei bambini, che essendo contaminati vanno eliminati. Gli alunni devono evitare di toccare le pareti e non possono giocare per paura di urtarle.\u00a0<a href=\"https:\/\/iicvalletta.esteri.it\/iic_lavalletta\/it\/gli_eventi\/calendario\/2020\/09\/ll-muro-bianco-di-a-brusa-e-m-scotuzzi.html\" target=\"_blank\" rel=\"noopener noreferrer\">Leggi di pi\u00f9<\/a>.<\/p>\n<p>&#8211;\u00a0<strong>A colloquio con Rossella | di A. Andolina<\/strong>\u00a0(2019, 11\u2019)<br \/><i>Mar 15 Set 2020<br \/><\/i>Tratto da un racconto di Gaia Tomassini. \u00c8 la storia di una donna anziana che lo spettatore impara a conoscere attraverso i messaggi lasciati nella sua segreteria telefonica da parenti e amici.\u00a0<a href=\"https:\/\/iicvalletta.esteri.it\/iic_lavalletta\/it\/gli_eventi\/calendario\/2020\/09\/a-colloquio-con-rossella-di-a-andolina.html\" target=\"_blank\" rel=\"noopener noreferrer\">Leggi di pi\u00f9<\/a>.<\/p>\n<p>&#8211;\u00a0<strong>Amateur | di Simone Bozzelli<\/strong>\u00a0(2019, 15\u2019)<br \/><i>Mer 16 Set 2020<br \/><\/i>In un caldo pomeriggio, Serena aiuta Christopher a studiare tedesco. Lui, annoiato, preferisce riprenderla con il suo cellulare. Lei non vuole ma a lui piace: Serena lo fa ridere, soprattutto quando fa il maialino.\u00a0<a href=\"https:\/\/iicvalletta.esteri.it\/iic_lavalletta\/it\/gli_eventi\/calendario\/2020\/09\/amateur-di-simone-bozzelli-2019.html\" target=\"_blank\" rel=\"noopener noreferrer\">Leggi di pi\u00f9<\/a>.<\/p>\n<p>&#8211;\u00a0<strong>Veronica non sa fumare | di Chiara Marotta\u00a0<\/strong>(2019, 20\u2019)<br \/><i>Gio 17 Set 2020<br \/><\/i>Veronica, diciassette anni, ha spiato a lungo la vita di Alessia, una coetanea sempre allegra e mai in imbarazzo che lei, timida e introversa, sogna di diventare. La avvicina finalmente con la scusa di una sigaretta, immergendosi totalmente nel mondo della nuova amica.\u00a0<a href=\"https:\/\/iicvalletta.esteri.it\/iic_lavalletta\/it\/gli_eventi\/calendario\/2020\/09\/veronica-non-sa-fumare-di-chiara.html\" target=\"_blank\" rel=\"noopener noreferrer\">Leggi di pi\u00f9<\/a>.<\/p>\n<p>&#8211;\u00a0<strong>Quando la banda pass\u00f2 | di M. Forcella<\/strong>\u00a0(2019, 15\u2019)<br \/><i>Ven 18 Set 2020<br \/><\/i>Un tempo la banda del paese, musicisti dilettanti che sacrificavano alle prove il loro tempo libero, era un\u2019istituzione importante di ogni comunit\u00e0 di provincia ed accompagnava tutte le ricorrenze civili e religiose.\u00a0<a href=\"https:\/\/iicvalletta.esteri.it\/iic_lavalletta\/it\/gli_eventi\/calendario\/2020\/09\/quando-la-banda-passo-di-m-forcella.html\" target=\"_blank\" rel=\"noopener noreferrer\">Leggi di pi\u00f9<\/a>.<\/p>\n<p>&#8211;\u00a0<strong>Manica a vento | di Emilia Mazzacurati<\/strong>\u00a0(2019, 19\u2019)<br \/><i>Sab 19 Set 2020<br \/><\/i>In una cittadina sul mare sono arrivate le giostre, una bambina va in giro distratta mangiando un gelato, sembra invisibile e nessuno la nota.\u00a0<a href=\"https:\/\/iicvalletta.esteri.it\/iic_lavalletta\/it\/gli_eventi\/calendario\/2020\/09\/manica-a-vento-di-emilia-mazzacurati.html\" target=\"_blank\" rel=\"noopener noreferrer\">Leggi di pi\u00f9<\/a>.<\/p>\n<p>Per maggiori informazioni consulta il sito dell\u2019Istituto:\u00a0<a href=\"https:\/\/iicvalletta.esteri.it\">https:\/\/iicvalletta.esteri.it<\/a><\/p>\n","protected":false},"excerpt":{"rendered":"L\u2019Istituto Italiano di Cultura | La Valletta,\u00a0in collaborazione con il Centro Nazionale del Cortometraggio, il Master in Film ed il Dipartimento di Italianistica, Facolt\u00e0 di Lettere dell\u2019Universit\u00e0 di Malta, presentano dieci cortometraggi italiani selezionati tra i lavori pi\u00f9 particolari e rappresentativi realizzati nel 2019, offrendo cos\u00ec una ricca panoramica sulla produzione dei corti contemporanea. Tutti [&hellip;]","protected":false},"author":1,"featured_media":0,"comment_status":"","ping_status":"","sticky":false,"template":"","format":"standard","meta":{"footnotes":""},"categories":[20],"tags":[32,9],"class_list":["post-59107","post","type-post","status-publish","format-standard","hentry","category-retediplomatica","tag-diplomazia-culturale","tag-europa"],"_links":{"self":[{"href":"https:\/\/www.esteri.it\/it\/wp-json\/wp\/v2\/posts\/59107","targetHints":{"allow":["GET"]}}],"collection":[{"href":"https:\/\/www.esteri.it\/it\/wp-json\/wp\/v2\/posts"}],"about":[{"href":"https:\/\/www.esteri.it\/it\/wp-json\/wp\/v2\/types\/post"}],"author":[{"embeddable":true,"href":"https:\/\/www.esteri.it\/it\/wp-json\/wp\/v2\/users\/1"}],"replies":[{"embeddable":true,"href":"https:\/\/www.esteri.it\/it\/wp-json\/wp\/v2\/comments?post=59107"}],"version-history":[{"count":0,"href":"https:\/\/www.esteri.it\/it\/wp-json\/wp\/v2\/posts\/59107\/revisions"}],"wp:attachment":[{"href":"https:\/\/www.esteri.it\/it\/wp-json\/wp\/v2\/media?parent=59107"}],"wp:term":[{"taxonomy":"category","embeddable":true,"href":"https:\/\/www.esteri.it\/it\/wp-json\/wp\/v2\/categories?post=59107"},{"taxonomy":"post_tag","embeddable":true,"href":"https:\/\/www.esteri.it\/it\/wp-json\/wp\/v2\/tags?post=59107"}],"curies":[{"name":"wp","href":"https:\/\/api.w.org\/{rel}","templated":true}]}}