{"id":59117,"date":"2020-09-08T14:37:03","date_gmt":"2020-09-08T12:37:03","guid":{"rendered":"https:\/\/www.esteri.it\/sala_stampa\/archivionotizie\/comunicati\/2020\/09\/iic-vienna-magister-raffaello-a-linz-per-ars-electronica\/"},"modified":"2020-09-08T14:37:03","modified_gmt":"2020-09-08T12:37:03","slug":"iic-vienna-magister-raffaello-a-linz-per-ars-electronica","status":"publish","type":"post","link":"https:\/\/www.esteri.it\/it\/sala_stampa\/archivionotizie\/retediplomatica\/2020\/09\/iic-vienna-magister-raffaello-a-linz-per-ars-electronica\/","title":{"rendered":"IIC Vienna: \u201cMagister Raffaello\u201d a Linz per Ars Electronica"},"content":{"rendered":"<p><strong>L\u2019Istituto Italiano di Cultura di Vienna<\/strong>\u00a0punta al rilancio della promozione culturale attraverso una versione inedita della mostra\u00a0<strong><i>Magister Raffaello<\/i><\/strong>, progetto innovativo e\u00a0<i>site-specific<\/i>\u00a0realizzato in occasione dei 500 anni dalla morte di Raffaello Sanzio. La mostra immersiva \u00e8 prodotta dall\u2019impresa innovativa culturale\u00a0<strong>Magister Art<\/strong>\u00a0appositamente per\u00a0<strong>Ars Electronica Center<\/strong>\u00a0di Linz, museo dedicato all\u2019arte e all\u2019intelligenza artificiali tra i pi\u00f9 innovativi del mondo.<\/p>\n<p><strong><i>Magister Raffaello<\/i><\/strong>\u00a0far\u00e0 parte del palinsesto 2020-2021 di Ars Electronica e sar\u00e0 una delle punte del programma dell\u2019omonimo festival, dal 9 al 13 settembre 2020. Questa versione inedita della mostra, realizzata in collaborazione con\u00a0<strong>l\u2019Istituto Italiano di Cultura di Vienna<\/strong>, \u00e8 stato ideata e prodotta appositamente per gli spazi di\u00a0<strong>Ars Electronica Center<\/strong>\u00a0di Linz, museo permanente dedicato all\u2019arte e all\u2019intelligenza artificiali tra i pi\u00f9 innovativi del mondo.<\/p>\n<p>La\u00a0<i>narrazione aumentata,<\/i>\u00a0implementata da strumenti tecnologici e multimediali e presentata in 8K, \u00e8 al centro di un viaggio, quello della vita del grande maestro urbinate, ripercorso nelle citt\u00e0 delle grandi committenze di Raffaello attraverso le sue opere pi\u00f9 significative. Il pubblico potr\u00e0 immergersi nel contesto storico, culturale ed artistico del Rinascimento italiano, attraverso un\u2019esperienza cognitiva \u2018totale\u2019 e sperimentale, grazie anche alla contaminazione creativa di diversi linguaggi: visivo, sonoro, narrativo, scenografico.<\/p>\n<p>La spettacolare mostra\u00a0<strong><i>Magister Raffaello<\/i><\/strong>\u00a0\u00e8 protagonista di un grande tour internazionale promosso dal\u00a0<strong>Ministero degli Affari Esteri e della Cooperazione Internazionale.<\/strong>\u00a0Dopo la prima tappa al\u00a0<a href=\"http:\/\/www.apple.com\/it\/\" target=\"_blank\" rel=\"noopener noreferrer\">Museo di Hanoi in Vietnam (08.09.20-31.10.20)<\/a>, la mostra, curata dallo storico dell\u2019arte\u00a0<strong>Claudio Strinati<\/strong>, con la co-curatela di Federico Strinati e il supporto di un Comitato Scientifico di respiro internazionale, \u00e8 pronta a raggiungere il pubblico in ogni parte del mondo grazie alla rete di Ambasciate, Consolati e Istituti Italiani di Cultura.<\/p>\n<p>\u00a0<\/p>\n<p><iframe loading=\"lazy\" width=\"560\" height=\"315\" src=\"https:\/\/www.youtube-nocookie.com\/embed\/HJc4qC4fLI4\" seamless=\"seamless\" allow=\"accelerometer; autoplay; encrypted-media; gyroscope; picture-in-picture\" allowfullscreen=\"allowfullscreen\"><\/iframe><\/p>\n<p>\u00a0<\/p>\n<p><strong><i>Magister Raffaello<\/i><\/strong><\/p>\n<p>dal 14.09.2020 al 08.09.2021 |\u00a0<strong><i>Ars Electronica Center<\/i><\/strong><strong><i><\/i><\/strong><\/p>\n<p>dal 09.09.2020 al 13.09.2020 |\u00a0<strong><i>Ars Electronica Festival<\/i><\/strong><\/p>\n","protected":false},"excerpt":{"rendered":"L\u2019Istituto Italiano di Cultura di Vienna\u00a0punta al rilancio della promozione culturale attraverso una versione inedita della mostra\u00a0Magister Raffaello, progetto innovativo e\u00a0site-specific\u00a0realizzato in occasione dei 500 anni dalla morte di Raffaello Sanzio. La mostra immersiva \u00e8 prodotta dall\u2019impresa innovativa culturale\u00a0Magister Art\u00a0appositamente per\u00a0Ars Electronica Center\u00a0di Linz, museo dedicato all\u2019arte e all\u2019intelligenza artificiali tra i pi\u00f9 innovativi del [&hellip;]","protected":false},"author":1,"featured_media":0,"comment_status":"","ping_status":"","sticky":false,"template":"","format":"standard","meta":{"footnotes":""},"categories":[20],"tags":[32,9],"class_list":["post-59117","post","type-post","status-publish","format-standard","hentry","category-retediplomatica","tag-diplomazia-culturale","tag-europa"],"_links":{"self":[{"href":"https:\/\/www.esteri.it\/it\/wp-json\/wp\/v2\/posts\/59117","targetHints":{"allow":["GET"]}}],"collection":[{"href":"https:\/\/www.esteri.it\/it\/wp-json\/wp\/v2\/posts"}],"about":[{"href":"https:\/\/www.esteri.it\/it\/wp-json\/wp\/v2\/types\/post"}],"author":[{"embeddable":true,"href":"https:\/\/www.esteri.it\/it\/wp-json\/wp\/v2\/users\/1"}],"replies":[{"embeddable":true,"href":"https:\/\/www.esteri.it\/it\/wp-json\/wp\/v2\/comments?post=59117"}],"version-history":[{"count":0,"href":"https:\/\/www.esteri.it\/it\/wp-json\/wp\/v2\/posts\/59117\/revisions"}],"wp:attachment":[{"href":"https:\/\/www.esteri.it\/it\/wp-json\/wp\/v2\/media?parent=59117"}],"wp:term":[{"taxonomy":"category","embeddable":true,"href":"https:\/\/www.esteri.it\/it\/wp-json\/wp\/v2\/categories?post=59117"},{"taxonomy":"post_tag","embeddable":true,"href":"https:\/\/www.esteri.it\/it\/wp-json\/wp\/v2\/tags?post=59117"}],"curies":[{"name":"wp","href":"https:\/\/api.w.org\/{rel}","templated":true}]}}