{"id":59133,"date":"2020-08-26T15:05:18","date_gmt":"2020-08-26T13:05:18","guid":{"rendered":"https:\/\/www.esteri.it\/sala_stampa\/archivionotizie\/comunicati\/2020\/08\/uruguay-crisi-covid19-un-corso-di-riqualificazione\/"},"modified":"2020-08-26T15:05:18","modified_gmt":"2020-08-26T13:05:18","slug":"uruguay-crisi-covid19-un-corso-di-riqualificazione","status":"publish","type":"post","link":"https:\/\/www.esteri.it\/it\/sala_stampa\/archivionotizie\/retediplomatica\/2020\/08\/uruguay-crisi-covid19-un-corso-di-riqualificazione\/","title":{"rendered":"Uruguay: Crisi Covid19, un corso di riqualificazione"},"content":{"rendered":"<div>Usufruendo dei fondi speciali del MAECI e della Cooperazione Internazionale destinati all\u2019assistenza ai connazionali, l\u2019Ambasciata d\u2019Italia a Montevideo e la Camara Mercantil Uruguay-Italia promuovono un corso di qualificazione professionale per cittadini italiani residenti all\u2019estero, colpiti dalla crisi economica a seguito dell\u2019epidemia del coronavirus.\u00a0<\/div>\n<div>Il corso &#8211;\u00a0 della durata complessiva di sei settimane,\u00a040 ore \u00a0\u2013 ha l\u2019obiettivo di individuare, sviluppare e rafforzare le capacit\u00e0 formative dei partecipanti cos\u00ec da migliorare le possibilit\u00e0 di rientrare nel mondo del lavoro, sia come lavoratori dipendenti sia autonomi.\u00a0<\/div>\n<div>Il corso si svolger\u00e0 su piattaforma virtuale e comincer\u00e0 il prossimo 15 settembre:\u00a040 i posti disponibili. Per informazioni: <a href=\"mailto:info@camarauruguayitalia.com.uy\">info@camarauruguayitalia.com.uy<\/a><\/div>\n<div>\u00a0<\/div>\n<div><img loading=\"lazy\" decoding=\"async\" src=\"https:\/\/www.esteri.it\/mae\/resource\/img\/2020\/08\/flag_of_uruguay_and_italy.svg.png\" width=\"800\" height=\"474\" alt=\"flag of uruguay and italy.svg\" style=\"display: block; margin-left: auto; margin-right: auto;\" \/><\/div>\n","protected":false},"excerpt":{"rendered":"Usufruendo dei fondi speciali del MAECI e della Cooperazione Internazionale destinati all\u2019assistenza ai connazionali, l\u2019Ambasciata d\u2019Italia a Montevideo e la Camara Mercantil Uruguay-Italia promuovono un corso di qualificazione professionale per cittadini italiani residenti all\u2019estero, colpiti dalla crisi economica a seguito dell\u2019epidemia del coronavirus.\u00a0 Il corso &#8211;\u00a0 della durata complessiva di sei settimane,\u00a040 ore \u00a0\u2013 ha [&hellip;]","protected":false},"author":1,"featured_media":0,"comment_status":"","ping_status":"","sticky":false,"template":"","format":"standard","meta":{"footnotes":""},"categories":[20],"tags":[398,29,37,25],"class_list":["post-59133","post","type-post","status-publish","format-standard","hentry","category-retediplomatica","tag-america-latina-e-caraibi","tag-cooperazione-sviluppo","tag-covid-19","tag-farnesina"],"_links":{"self":[{"href":"https:\/\/www.esteri.it\/it\/wp-json\/wp\/v2\/posts\/59133","targetHints":{"allow":["GET"]}}],"collection":[{"href":"https:\/\/www.esteri.it\/it\/wp-json\/wp\/v2\/posts"}],"about":[{"href":"https:\/\/www.esteri.it\/it\/wp-json\/wp\/v2\/types\/post"}],"author":[{"embeddable":true,"href":"https:\/\/www.esteri.it\/it\/wp-json\/wp\/v2\/users\/1"}],"replies":[{"embeddable":true,"href":"https:\/\/www.esteri.it\/it\/wp-json\/wp\/v2\/comments?post=59133"}],"version-history":[{"count":0,"href":"https:\/\/www.esteri.it\/it\/wp-json\/wp\/v2\/posts\/59133\/revisions"}],"wp:attachment":[{"href":"https:\/\/www.esteri.it\/it\/wp-json\/wp\/v2\/media?parent=59133"}],"wp:term":[{"taxonomy":"category","embeddable":true,"href":"https:\/\/www.esteri.it\/it\/wp-json\/wp\/v2\/categories?post=59133"},{"taxonomy":"post_tag","embeddable":true,"href":"https:\/\/www.esteri.it\/it\/wp-json\/wp\/v2\/tags?post=59133"}],"curies":[{"name":"wp","href":"https:\/\/api.w.org\/{rel}","templated":true}]}}