{"id":59214,"date":"2020-07-16T10:23:52","date_gmt":"2020-07-16T08:23:52","guid":{"rendered":"https:\/\/www.esteri.it\/sala_stampa\/archivionotizie\/comunicati\/2020\/07\/slovacchia-la-dolce-vita-di-fellini-in-mostra-a-bratislava\/"},"modified":"2020-07-16T10:23:52","modified_gmt":"2020-07-16T08:23:52","slug":"slovacchia-la-dolce-vita-di-fellini-in-mostra-a-bratislava","status":"publish","type":"post","link":"https:\/\/www.esteri.it\/it\/sala_stampa\/archivionotizie\/retediplomatica\/2020\/07\/slovacchia-la-dolce-vita-di-fellini-in-mostra-a-bratislava\/","title":{"rendered":"Slovacchia: la Dolce vita di Fellini in mostra a Bratislava"},"content":{"rendered":"<div autoid=\"_rp_2\" role=\"list\" tabindex=\"-1\" aria-label=\"Conversazione\">\n<div tabindex=\"-1\">\n<div autoid=\"_rp_3\" aria-label=\"Contenuto messaggi\" tabindex=\"0\">\n<div aria-label=\"Contenuto messaggio espanso\" tabindex=\"-1\">\n<div tabindex=\"-1\" autoid=\"_rp_u\">\n<div role=\"document\">\n<div autoid=\"_rp_x\">\n<div dir=\"ltr\">\n<div dir=\"ltr\">\n<p>Nell\u2019anno in cui ricorre il 100\u00b0 anniversario della nascita di\u00a0Federico Fellini\u00a0l\u2019Istituto Italiano di Cultura\u00a0e l\u2019Ambasciata d\u2019Italia a Bratislava, insieme alla Galleria di Arte della Citt\u00e0 di Zilina e al Museo Nazionale Slovacco, organizzano una mostra composta da materiali originali provenienti dall\u2019Archivio Enrico Minisini di Cividale del Friuli, dalla Frittelli arte contemporanea di Firenze e dalla Cineteca Nazionale di Praga e di Bratislava.<\/p>\n<p>\u00a0Le locandine, le fotobuste, i manifesti e le opere d\u2019arte esposte conducono i visitatori nel mondo della Dolce vita, di via Veneto a Roma, dei paparazzi, dell\u2019Italia del boom economico, di\u00a0Marcello Mastroianni, di\u00a0Sophia Loren, di\u00a0Giulietta Masina, di\u00a0Vittorio Gassman, di\u00a0Nino Manfredi\u00a0e dei tanti divi del cinema che hanno caratterizzato una stagione irripetibile, in cui l\u2019Italia cercava di lasciarsi alle spalle le ferite della guerra.<\/p>\n<p>\u00a0La mostra ci accompagna in un mirato viaggio nel cinema, lungo quarant\u2019anni, dal 1950 (<i>Luci del variet\u00e0<\/i>) al 1990 (<i>La voce della luna<\/i>). Nel contempo scorre sotto i nostri occhi una storia sociale e del costume dell\u2019Italia, in particolare i grandi cambiamenti avvenuti dal dopoguerra agli anni del \u201cboom economico\u201d e di un benessere pi\u00f9 diffuso, non esente da ombre, conflitti e tensioni raccontati nei film migliori di quel periodo.<\/p>\n<p>\u00a0<\/p>\n<p><img loading=\"lazy\" decoding=\"async\" src=\"https:\/\/www.esteri.it\/mae\/resource\/img\/2020\/07\/mostra_2020_fellini_muzeum_webbanner_1136x511px.jpg\" width=\"750\" height=\"337\" alt=\"mostra 2020 fellini muzeum webbanner 1136x511px\" style=\"display: block; margin-left: auto; margin-right: auto;\" \/><\/p>\n<p>\u00a0<\/p>\n<p>Insieme ai materiali collegati ai film di Fellini, ne sono esposti altri di pellicole uscite nel periodo in cui il cineasta riminese creava i suoi capolavori, rendendo possibile un interessante confronto con i lavori di\u00a0Luchino Visconti,\u00a0Dino Risi,\u00a0Vittorio De Sica,\u00a0Pier Paolo Pasolini,\u00a0Ettore Scola,\u00a0Mario Monicelli,\u00a0Marco Bellocchio\u00a0e di altri autori che hanno fatto la storia del cinema italiano. Ne emerge un Paese che ha voglia di spensieratezza e di divertimento, ma anche la fotografia di un popolo che oltre a godere di un crescente benessere comincia a porsi interrogativi che porteranno poi alla contestazione del \u201968.<\/p>\n<p>L\u2019Archivio Enrico Minisini di Cividale del Friuli, composto da decine di migliaia di materiali originali su carta, collegati alla promozione di film italiani, in particolare degli anni \u201950, \u201860 e \u201970, collabora da anni con istituzioni e musei per la realizzazione di eventi. Tra questi si ricorda anche un\u2019esposizione tenuta a Miliano in occasione dell\u2019Expo 2015.<\/p>\n<p>Questa mostra che si svolge sotto il\u00a0Patrocinio del Sindaco di Bratislava, Matus Vallo, \u00e8 inoltre uno degli eventi di maggior rilievo della tredicesima edizione del\u00a0festival italiano in Slovacchia \u201cDolce Vitaj\u201d.<\/p>\n<p>\u00a0<\/p>\n<p>\u00a0<strong>Informazioni<\/strong><\/p>\n<p><strong>Data:\u00a0<\/strong>22.7 &#8211; 29.11.2020<\/p>\n<p><strong>Luogo:\u00a0<\/strong>Museo Nazionale Slovacco, Bratislava (Slovensk\u00e9 n\u00e1rodn\u00e9 m\u00fazeum)\u00a0<\/p>\n<p><strong>Organizzato da:<\/strong>\u00a0Istituto Italiano di Cultura di Bratislava,<\/p>\n<p><strong>In collaborazione con<\/strong>: Ambasciata d\u2019Italia in Slovacchia, Archivio Minisini di Cividale del Friuli, Frittelli arte contemporanea di Firenze, Museo Nazionale Slovacco di Bratis<\/p>\n<\/div>\n<\/div>\n<\/div>\n<\/div>\n<\/div>\n<\/div>\n<\/div>\n<\/div>\n<div tabindex=\"-1\">\n<div>\n<div tabindex=\"-1\">\n<div>\u00a0<\/div>\n<\/div>\n<\/div>\n<\/div>\n<\/div>\n","protected":false},"excerpt":{"rendered":"Nell\u2019anno in cui ricorre il 100\u00b0 anniversario della nascita di\u00a0Federico Fellini\u00a0l\u2019Istituto Italiano di Cultura\u00a0e l\u2019Ambasciata d\u2019Italia a Bratislava, insieme alla Galleria di Arte della Citt\u00e0 di Zilina e al Museo Nazionale Slovacco, organizzano una mostra composta da materiali originali provenienti dall\u2019Archivio Enrico Minisini di Cividale del Friuli, dalla Frittelli arte contemporanea di Firenze e dalla [&hellip;]","protected":false},"author":1,"featured_media":0,"comment_status":"","ping_status":"","sticky":false,"template":"","format":"standard","meta":{"footnotes":""},"categories":[20],"tags":[32,9],"class_list":["post-59214","post","type-post","status-publish","format-standard","hentry","category-retediplomatica","tag-diplomazia-culturale","tag-europa"],"_links":{"self":[{"href":"https:\/\/www.esteri.it\/it\/wp-json\/wp\/v2\/posts\/59214","targetHints":{"allow":["GET"]}}],"collection":[{"href":"https:\/\/www.esteri.it\/it\/wp-json\/wp\/v2\/posts"}],"about":[{"href":"https:\/\/www.esteri.it\/it\/wp-json\/wp\/v2\/types\/post"}],"author":[{"embeddable":true,"href":"https:\/\/www.esteri.it\/it\/wp-json\/wp\/v2\/users\/1"}],"replies":[{"embeddable":true,"href":"https:\/\/www.esteri.it\/it\/wp-json\/wp\/v2\/comments?post=59214"}],"version-history":[{"count":0,"href":"https:\/\/www.esteri.it\/it\/wp-json\/wp\/v2\/posts\/59214\/revisions"}],"wp:attachment":[{"href":"https:\/\/www.esteri.it\/it\/wp-json\/wp\/v2\/media?parent=59214"}],"wp:term":[{"taxonomy":"category","embeddable":true,"href":"https:\/\/www.esteri.it\/it\/wp-json\/wp\/v2\/categories?post=59214"},{"taxonomy":"post_tag","embeddable":true,"href":"https:\/\/www.esteri.it\/it\/wp-json\/wp\/v2\/tags?post=59214"}],"curies":[{"name":"wp","href":"https:\/\/api.w.org\/{rel}","templated":true}]}}