{"id":59230,"date":"2020-07-07T16:55:42","date_gmt":"2020-07-07T14:55:42","guid":{"rendered":"https:\/\/www.esteri.it\/sala_stampa\/archivionotizie\/comunicati\/2020\/07\/iic-belgrado-la-rassegna-teatrale-italia-in-scena-on-line\/"},"modified":"2020-07-07T16:55:42","modified_gmt":"2020-07-07T14:55:42","slug":"iic-belgrado-la-rassegna-teatrale-italia-in-scena-on-line","status":"publish","type":"post","link":"https:\/\/www.esteri.it\/it\/sala_stampa\/archivionotizie\/retediplomatica\/2020\/07\/iic-belgrado-la-rassegna-teatrale-italia-in-scena-on-line\/","title":{"rendered":"IIC Belgrado: la rassegna teatrale Italia IN scena ON line"},"content":{"rendered":"<p>L\u2019Istituto Italiano di Cultura di Belgrado d\u00e0 il via questa sera a\u00a0<i>Italia IN scena ON line<\/i>, una rassegna di spettacoli di autori italiani in lingua serba a cura del regista Gianluca Barbadori. I quattro spettacoli in programma saranno trasmessi in streaming ogni marted\u00ec nel mese di luglio alle ore 21.00, e disponibili per le 48 ore successive sui canali online dell\u2019IIC Belgrado (Facebook, Twitter, Instagram). A conclusione degli spettacoli \u00e8 previsto un incontro online live con gli attori ed il regista. La postproduzione del video \u00e8 stata realizzata da Juan Camilo Arias.<\/p>\n<p>Questa sera alle ore 21.00 si presenta lo spettacolo in forma di monologo\u00a0<i>L\u2019uomo dal fiore in bocca<\/i>\u00a0di Luigi Pirandello, con Molnar Zoltan. Seguir\u00e0 la lettura drammatizzata di\u00a0<i>Pensaci, Giacomino<\/i>, con Aleksandar &#8220;Meda&#8221; Jovanovic e Djordje Zivadinovic Grgur.\u00a0<\/p>\n<p>Il 14 luglio alle ore 21.00 va in scena lo spettacolo\u00a0<i>Leonardo Da Vinci. L&#8217;opera nascosta<\/i>\u00a0di Michele Santeramo, con Maja Susa e Molnar Zoltan.\u00a0<\/p>\n<p>Il 21 luglio alle ore 21.00 si presenta lo spettacolo\u00a0<i>Maratona di New York<\/i>\u00a0di Edoardo Erba, con la lettura drammatizzata di Milos Timotijevic e Slaven Doslo.<\/p>\n<p>Il 28 luglio alle ore 21.00 va in scena lo spettacolo &#8220;Coppia aperta, quasi spalancata&#8221; di Franca Rame e Dario Fo, con Maja Susa e Aleksandar &#8220;Meda&#8221; Jovanovic.\u00a0<\/p>\n<p>Gli spettacoli sono diretti da Gianluca Barbadori, attore professionista e regista con vasta esperienza internazionale. Come regista, dal 1994 ad oggi Barbadori ha messo in scena oltre 100 spettacoli dirigendo attori professionisti, giovani attori in formazione, studenti di teatro, giovani ed adolescenti anche in situazioni di marginalit\u00e0 e difficolt\u00e0 in numerosi paesi. Come docente ha iniziato la sua attivit\u00e0 di ricerca e formazione negli anni \u201890, realizzando laboratori teatrali bilingue e stage e corsi teatrali intensivi in italiano, portoghese, spagnolo e inglese in diverse citt\u00e0 e festival.<\/p>\n<p><strong><a href=\"https:\/\/www.instagram.com\/iicbelgrado\/\">https:\/\/www.instagram.com\/iicbelgrado\/<\/a><\/strong><\/p>\n<p><strong><a href=\"https:\/\/www.facebook.com\/iicbelgrado\/\">https:\/\/www.facebook.com\/iicbelgrado\/<\/a><\/strong><\/p>\n<p><strong><a href=\"https:\/\/twitter.com\/IICBelgrado\">https:\/\/twitter.com\/IICBelgrado<\/a><a href=\"https:\/\/twitter.com\/IICBelgrado\"><\/a><\/strong><\/p>\n<p><img loading=\"lazy\" decoding=\"async\" src=\"https:\/\/www.esteri.it\/mae\/resource\/img\/2020\/07\/locandina_italia_in_scena_online.jpg\" width=\"500\" height=\"707\" alt=\"locandina italia in scena online\" style=\"display: block; margin-left: auto; margin-right: auto;\" \/><\/p>\n","protected":false},"excerpt":{"rendered":"L\u2019Istituto Italiano di Cultura di Belgrado d\u00e0 il via questa sera a\u00a0Italia IN scena ON line, una rassegna di spettacoli di autori italiani in lingua serba a cura del regista Gianluca Barbadori. I quattro spettacoli in programma saranno trasmessi in streaming ogni marted\u00ec nel mese di luglio alle ore 21.00, e disponibili per le 48 [&hellip;]","protected":false},"author":1,"featured_media":0,"comment_status":"","ping_status":"","sticky":false,"template":"","format":"standard","meta":{"footnotes":""},"categories":[20],"tags":[32,9],"class_list":["post-59230","post","type-post","status-publish","format-standard","hentry","category-retediplomatica","tag-diplomazia-culturale","tag-europa"],"_links":{"self":[{"href":"https:\/\/www.esteri.it\/it\/wp-json\/wp\/v2\/posts\/59230","targetHints":{"allow":["GET"]}}],"collection":[{"href":"https:\/\/www.esteri.it\/it\/wp-json\/wp\/v2\/posts"}],"about":[{"href":"https:\/\/www.esteri.it\/it\/wp-json\/wp\/v2\/types\/post"}],"author":[{"embeddable":true,"href":"https:\/\/www.esteri.it\/it\/wp-json\/wp\/v2\/users\/1"}],"replies":[{"embeddable":true,"href":"https:\/\/www.esteri.it\/it\/wp-json\/wp\/v2\/comments?post=59230"}],"version-history":[{"count":0,"href":"https:\/\/www.esteri.it\/it\/wp-json\/wp\/v2\/posts\/59230\/revisions"}],"wp:attachment":[{"href":"https:\/\/www.esteri.it\/it\/wp-json\/wp\/v2\/media?parent=59230"}],"wp:term":[{"taxonomy":"category","embeddable":true,"href":"https:\/\/www.esteri.it\/it\/wp-json\/wp\/v2\/categories?post=59230"},{"taxonomy":"post_tag","embeddable":true,"href":"https:\/\/www.esteri.it\/it\/wp-json\/wp\/v2\/tags?post=59230"}],"curies":[{"name":"wp","href":"https:\/\/api.w.org\/{rel}","templated":true}]}}