{"id":59321,"date":"2020-06-11T11:12:38","date_gmt":"2020-06-11T09:12:38","guid":{"rendered":"https:\/\/www.esteri.it\/sala_stampa\/archivionotizie\/comunicati\/2020\/06\/iic-istanbul-la-rassegna-cinema-italia-tuerkiye\/"},"modified":"2020-06-11T11:12:38","modified_gmt":"2020-06-11T09:12:38","slug":"iic-istanbul-la-rassegna-cinema-italia-tuerkiye","status":"publish","type":"post","link":"https:\/\/www.esteri.it\/it\/sala_stampa\/archivionotizie\/retediplomatica\/2020\/06\/iic-istanbul-la-rassegna-cinema-italia-tuerkiye\/","title":{"rendered":"IIC Istanbul: la rassegna CINEMA ITALIA@T\u00dcRKIYE"},"content":{"rendered":"<p>L\u2019istituto Italiano di Cultura di Istanbul, insieme a una nota societ\u00e0 di distribuzione internazionale del cinema italiano,\u00a0ha organizzato\u00a0<i>CINEMA ITALIA@T\u00dcRKIYE<\/i>, una rassegna di cinema italiano online che avr\u00e0 luogo durante tutta l&#8217;estate 2020.<\/p>\n<p>L\u2019obiettivo \u00e8 quello di offrire, direttamente nelle case degli appassionati turchi, il meglio della recente cinematografia italiana attraverso una piattaforma online, contribuendo cos\u00ec, sotto il coordinamento dell\u2019Ambasciata d\u2019Italia ad Ankara, e in collaborazione con il Consolato Generale di Istanbul ed il Consolato di Izmir, a promuovere nella Repubblica turca il\u00a0<i>Sistema Italia<\/i>\u00a0grazie alle sue industrie creative in campo cinematografico e dell\u2019audiovisivo.<\/p>\n<p>A partire da giugno, con una serie di sei appuntamenti a cadenza quindicinale, CINEMA ITALIA@T\u00dcRKIYE proporr\u00e0 al pubblico turco una selezione della migliore e pi\u00f9 attuale filmografia italiana in lingua originale con sottotitoli in turco. La rassegna, iniziata il 6 giugno con una proiezione di \u201cEuforia\u201d di Valeria Golino, si concluder\u00e0 con \u201cTi presento Sofia\u201d di Guido Chiesa il 15 di agosto.<\/p>\n<p>Per continuare a mostrare il cinema italiano, nonostante la chiusura dei cinema, \u00e8 stata creata una vera e propria sala virtuale di 500 posti, che l\u2019Istituto di Cultura di Istanbul utilizzer\u00e0 per portare direttamente nelle case del popolo turco il cinema italiano.\u00a0<\/p>\n<p>Tutte le informazioni su date, programma, accesso per la visualizzazione saranno disponibili nel sito web e nei social FB, YouTube, Instagram dell\u2019Istituto di Cultura di Istanbul<strong>.<br \/><\/strong><\/p>\n<p><a href=\"https:\/\/iicistanbul.esteri.it\/\" target=\"_blank\" rel=\"noopener noreferrer\">https:\/\/iicistanbul.esteri.it<\/a><\/p>\n<p><a href=\"http:\/\/facebook.com\/iicistanbul\" target=\"_blank\" rel=\"noopener noreferrer\">facebook.com\/iicistanbul<\/a>\u00a0 \u00a0 \u00a0 \u00a0 \u00a0 \u00a0 \u00a0 \u00a0\u00a0\u00a0\u00a0\u00a0\u00a0<\/p>\n<p><a href=\"https:\/\/www.instagram.com\/iicistanbul\/\" target=\"_blank\" rel=\"noopener noreferrer\">instagram.com\/iicistanbul<\/a><\/p>\n<p><a href=\"http:\/\/www.youtube.com\/channel\/UCD-bTfZpxvv9pKgzR5zm2jA\/\" target=\"_blank\" rel=\"noopener noreferrer\">youtube.com\/channel\/UCD-bTfZpxvv9pKgzR5zm2jA\/<\/a><\/p>\n<p>\u00a0<\/p>\n<p><img loading=\"lazy\" decoding=\"async\" src=\"https:\/\/www.esteri.it\/mae\/resource\/img\/2020\/06\/thumbnail_immagine_cinema_true_colours.jpg\" width=\"655\" height=\"500\" alt=\"thumbnail immagine cinema true colours\" style=\"display: block; margin-left: auto; margin-right: auto;\" \/><\/p>\n","protected":false},"excerpt":{"rendered":"L\u2019istituto Italiano di Cultura di Istanbul, insieme a una nota societ\u00e0 di distribuzione internazionale del cinema italiano,\u00a0ha organizzato\u00a0CINEMA ITALIA@T\u00dcRKIYE, una rassegna di cinema italiano online che avr\u00e0 luogo durante tutta l&#8217;estate 2020. L\u2019obiettivo \u00e8 quello di offrire, direttamente nelle case degli appassionati turchi, il meglio della recente cinematografia italiana attraverso una piattaforma online, contribuendo cos\u00ec, [&hellip;]","protected":false},"author":1,"featured_media":0,"comment_status":"","ping_status":"","sticky":false,"template":"","format":"standard","meta":{"footnotes":""},"categories":[20],"tags":[32,9,316],"class_list":["post-59321","post","type-post","status-publish","format-standard","hentry","category-retediplomatica","tag-diplomazia-culturale","tag-europa","tag-fare-cinema"],"_links":{"self":[{"href":"https:\/\/www.esteri.it\/it\/wp-json\/wp\/v2\/posts\/59321","targetHints":{"allow":["GET"]}}],"collection":[{"href":"https:\/\/www.esteri.it\/it\/wp-json\/wp\/v2\/posts"}],"about":[{"href":"https:\/\/www.esteri.it\/it\/wp-json\/wp\/v2\/types\/post"}],"author":[{"embeddable":true,"href":"https:\/\/www.esteri.it\/it\/wp-json\/wp\/v2\/users\/1"}],"replies":[{"embeddable":true,"href":"https:\/\/www.esteri.it\/it\/wp-json\/wp\/v2\/comments?post=59321"}],"version-history":[{"count":0,"href":"https:\/\/www.esteri.it\/it\/wp-json\/wp\/v2\/posts\/59321\/revisions"}],"wp:attachment":[{"href":"https:\/\/www.esteri.it\/it\/wp-json\/wp\/v2\/media?parent=59321"}],"wp:term":[{"taxonomy":"category","embeddable":true,"href":"https:\/\/www.esteri.it\/it\/wp-json\/wp\/v2\/categories?post=59321"},{"taxonomy":"post_tag","embeddable":true,"href":"https:\/\/www.esteri.it\/it\/wp-json\/wp\/v2\/tags?post=59321"}],"curies":[{"name":"wp","href":"https:\/\/api.w.org\/{rel}","templated":true}]}}