{"id":59456,"date":"2020-04-23T16:51:11","date_gmt":"2020-04-23T14:51:11","guid":{"rendered":"https:\/\/www.esteri.it\/sala_stampa\/archivionotizie\/comunicati\/2020\/04\/iic-tre-appuntamenti-con-il-festival-verdi-home-streaming\/"},"modified":"2020-04-23T16:51:11","modified_gmt":"2020-04-23T14:51:11","slug":"iic-tre-appuntamenti-con-il-festival-verdi-home-streaming","status":"publish","type":"post","link":"https:\/\/www.esteri.it\/it\/sala_stampa\/archivionotizie\/retediplomatica\/2020\/04\/iic-tre-appuntamenti-con-il-festival-verdi-home-streaming\/","title":{"rendered":"IIC: tre appuntamenti con il Festival Verdi Home streaming"},"content":{"rendered":"<p>Tre nuovi appuntamenti con la grande opera lirica per il Festival Verdi Home Streaming sono in programma da sabato 25 aprile al 2 maggio su <a href=\"http:\/\/www.teatroregioparma.it\" target=\"_blank\" rel=\"noopener noreferrer\">www.teatroregioparma.it<\/a>.\u00a0<\/p>\n<p>L\u2019iniziativa nasce dalla collaborazione tra il Teatro Regio e gli Istituti italiani di cultura all\u2019estero, e presenta al pubblico, gratuitamente e in full hd, titoli tratti dal catalogo verdiano.\u00a0<\/p>\n<p>Si comincia sabato 25 aprile alle 20.00 (disponibile fino alle 24 di domenica) con <i>Un giorno di regno<\/i> per la regia di Pier Luigi Pizzi, realizzato nella stagione 2010. Si prosegue marted\u00ec 28 aprile sempre alle 20.00 (disponibile fino alle ore 24 di mercoled\u00ec) con <i>Jerusalem<\/i> nell\u2019edizione del 2017, per concludere con due repliche sabato 2 e domenica 3 maggio alle 20.00 di\u00a0<i>Le Trouv\u00e8re<\/i>, la versione in francese\u00a0de\u00a0<i>Il Trovatore,\u00a0<\/i>presentata nel 2018.\u00a0<\/p>\n<p>L\u2019iniziativa \u00e8 stata resa possibile\u00a0grazie alla collaborazione di Unitel, Dynamic e OperaVision e in condivisione con il portale culturale Parma Ritrovata del Comune di Parma e di quello della regione Emilia-Romagna.<\/p>\n<p><strong>Sabato 25 aprile 2020, ore 20.00,<\/strong><\/p>\n<p>disponibile fino alle ore 24.00 di domenica 26 aprile 2020<br \/> UN GIORNO DI REGNO<br \/> Interpreti principali: Guido Loconsolo (Il Cavaliere di Belfiore), Andrea Porta (Il Barone di Kelbar), Anna Caterina Antonacci (La Marchesa del Poggio), Alessandra Marianelli (Giulietta di Kelbar), Ivan Magr\u00ec (Edoardo di Sanval), Paolo Bordogna (Il Signor la Rocca)<br \/> Direttore Donato Renzetti<br \/> Regia Pier Luigi Pizzi<br \/> Stagione Lirica 2010<br \/> Unitel, Durata 119\u2019<\/p>\n<p><strong>Marted\u00ec 28 aprile 2020, ore 20.00,<\/strong><\/p>\n<p>disponibile fino alle ore 24.00 di mercoled\u00ec 29 aprile 2020<br \/> J\u00c9RUSALEM<br \/> Interpreti principali: Ram\u00f2n Vargas (Gaston), Pablo Galvez (Le comte de Toulouse), Michele Pertusi (Roger), Annick Massis (H\u00e9l\u00e8ne), Valentina Boi (Isaure), Deyan Vatchkov (Adh\u00e9mar ee Monteil)<br \/> Direttore Daniele Callegari<br \/> Regia Hugo de Ana<br \/> Festival Verdi 2017<br \/> Unitel, Durata 185\u2019<\/p>\n<p><strong>sabato 2, domenica 3 maggio 2020, ore 20.00,<\/strong><\/p>\n<p>LE TROUV\u00c8RE<br \/> Interpreti principali: Giuseppe Gipali (Manrique), Franco Vassallo (Comte de Luna), Roberta Mantegna (L\u00e9onore), Nino Surguladze (Azucena)<br \/> Direttore Roberto Abbado<br \/> Regia Robert Wilson<br \/> Festival Verdi 2018<br \/> Dynamic, Durata 174\u2019<\/p>\n","protected":false},"excerpt":{"rendered":"Tre nuovi appuntamenti con la grande opera lirica per il Festival Verdi Home Streaming sono in programma da sabato 25 aprile al 2 maggio su www.teatroregioparma.it.\u00a0 L\u2019iniziativa nasce dalla collaborazione tra il Teatro Regio e gli Istituti italiani di cultura all\u2019estero, e presenta al pubblico, gratuitamente e in full hd, titoli tratti dal catalogo verdiano.\u00a0 [&hellip;]","protected":false},"author":1,"featured_media":0,"comment_status":"","ping_status":"","sticky":false,"template":"","format":"standard","meta":{"footnotes":""},"categories":[20],"tags":[32],"class_list":["post-59456","post","type-post","status-publish","format-standard","hentry","category-retediplomatica","tag-diplomazia-culturale"],"_links":{"self":[{"href":"https:\/\/www.esteri.it\/it\/wp-json\/wp\/v2\/posts\/59456","targetHints":{"allow":["GET"]}}],"collection":[{"href":"https:\/\/www.esteri.it\/it\/wp-json\/wp\/v2\/posts"}],"about":[{"href":"https:\/\/www.esteri.it\/it\/wp-json\/wp\/v2\/types\/post"}],"author":[{"embeddable":true,"href":"https:\/\/www.esteri.it\/it\/wp-json\/wp\/v2\/users\/1"}],"replies":[{"embeddable":true,"href":"https:\/\/www.esteri.it\/it\/wp-json\/wp\/v2\/comments?post=59456"}],"version-history":[{"count":0,"href":"https:\/\/www.esteri.it\/it\/wp-json\/wp\/v2\/posts\/59456\/revisions"}],"wp:attachment":[{"href":"https:\/\/www.esteri.it\/it\/wp-json\/wp\/v2\/media?parent=59456"}],"wp:term":[{"taxonomy":"category","embeddable":true,"href":"https:\/\/www.esteri.it\/it\/wp-json\/wp\/v2\/categories?post=59456"},{"taxonomy":"post_tag","embeddable":true,"href":"https:\/\/www.esteri.it\/it\/wp-json\/wp\/v2\/tags?post=59456"}],"curies":[{"name":"wp","href":"https:\/\/api.w.org\/{rel}","templated":true}]}}