{"id":59700,"date":"2019-11-21T11:17:36","date_gmt":"2019-11-21T10:17:36","guid":{"rendered":"https:\/\/www.esteri.it\/sala_stampa\/archivionotizie\/comunicati\/2019\/11\/helsinki-startup-italiane-in-mostra-a-slush-2019\/"},"modified":"2019-11-21T11:17:36","modified_gmt":"2019-11-21T10:17:36","slug":"helsinki-startup-italiane-in-mostra-a-slush-2019","status":"publish","type":"post","link":"https:\/\/www.esteri.it\/it\/sala_stampa\/archivionotizie\/retediplomatica\/2019\/11\/helsinki-startup-italiane-in-mostra-a-slush-2019\/","title":{"rendered":"Helsinki: startup italiane in mostra a Slush 2019"},"content":{"rendered":"<p>Sono 12 le imprese italiane presenti quest&#8217;anno a Slush 2019, la fiera di Helsinki per start up, pensata per le aziende in espansione alla ricerca di investitori, mentoring e venture capitalist. La presenza italiana, a questo appuntamento annuale di richiamo mondiale per gli attori dell&#8217;ecosistema globale dell&#8217;innovazione,\u00a0\u00e8 curata dall&#8217; Ambasciata d\u2019Italia in Finlandia e da ITA\/ICE Stoccolma.\u00a0<\/p>\n<p>Nell&#8217;ambito della Fiera le imprese italiane\u00a0occupano\u00a0spazi organizzati in quattro \u201cdemobooth\u201d, garantendosi cos\u00ec la possibilit\u00e0 di cogliere le opportunit\u00e0 offerte dal pi\u00f9 importante evento mediatico europeo di networking per startup. Alla vigilia dell&#8217;apertura di &#8216;Slush&#8217;\u00a0la Residenza dell\u2019Ambasciatore d\u2019Italia ha\u00a0accolto le imprese italiane insieme ai soggetti interessati ad interagire con l&#8217;ecosistema italiano.<\/p>\n<p>Da parte sua l\u2019Ambasciatore Gabriele\u00a0Altana ha sottolineato la vivacit\u00e0 delle giovani imprese innovative italiane\u00a0cui ha\u00a0augurato\u00a0grandi successi.<\/p>\n","protected":false},"excerpt":{"rendered":"Sono 12 le imprese italiane presenti quest&#8217;anno a Slush 2019, la fiera di Helsinki per start up, pensata per le aziende in espansione alla ricerca di investitori, mentoring e venture capitalist. La presenza italiana, a questo appuntamento annuale di richiamo mondiale per gli attori dell&#8217;ecosistema globale dell&#8217;innovazione,\u00a0\u00e8 curata dall&#8217; Ambasciata d\u2019Italia in Finlandia e da [&hellip;]","protected":false},"author":1,"featured_media":0,"comment_status":"","ping_status":"","sticky":false,"template":"","format":"standard","meta":{"footnotes":""},"categories":[20],"tags":[3,9],"class_list":["post-59700","post","type-post","status-publish","format-standard","hentry","category-retediplomatica","tag-diplomazia-economica","tag-europa"],"_links":{"self":[{"href":"https:\/\/www.esteri.it\/it\/wp-json\/wp\/v2\/posts\/59700","targetHints":{"allow":["GET"]}}],"collection":[{"href":"https:\/\/www.esteri.it\/it\/wp-json\/wp\/v2\/posts"}],"about":[{"href":"https:\/\/www.esteri.it\/it\/wp-json\/wp\/v2\/types\/post"}],"author":[{"embeddable":true,"href":"https:\/\/www.esteri.it\/it\/wp-json\/wp\/v2\/users\/1"}],"replies":[{"embeddable":true,"href":"https:\/\/www.esteri.it\/it\/wp-json\/wp\/v2\/comments?post=59700"}],"version-history":[{"count":0,"href":"https:\/\/www.esteri.it\/it\/wp-json\/wp\/v2\/posts\/59700\/revisions"}],"wp:attachment":[{"href":"https:\/\/www.esteri.it\/it\/wp-json\/wp\/v2\/media?parent=59700"}],"wp:term":[{"taxonomy":"category","embeddable":true,"href":"https:\/\/www.esteri.it\/it\/wp-json\/wp\/v2\/categories?post=59700"},{"taxonomy":"post_tag","embeddable":true,"href":"https:\/\/www.esteri.it\/it\/wp-json\/wp\/v2\/tags?post=59700"}],"curies":[{"name":"wp","href":"https:\/\/api.w.org\/{rel}","templated":true}]}}