{"id":59712,"date":"2019-11-15T15:58:07","date_gmt":"2019-11-15T14:58:07","guid":{"rendered":"https:\/\/www.esteri.it\/sala_stampa\/archivionotizie\/comunicati\/2019\/11\/settimana-cucina-italiana-israele-in-menu-l-amica-geniale\/"},"modified":"2019-11-15T15:58:07","modified_gmt":"2019-11-15T14:58:07","slug":"settimana-cucina-italiana-israele-in-menu-l-amica-geniale","status":"publish","type":"post","link":"https:\/\/www.esteri.it\/it\/sala_stampa\/archivionotizie\/retediplomatica\/2019\/11\/settimana-cucina-italiana-israele-in-menu-l-amica-geniale\/","title":{"rendered":"Settimana cucina italiana: Israele, in men\u00f9 l\u2019Amica geniale"},"content":{"rendered":"<p>Nel ricco calendario di eventi per la Settimana della cucina italiana organizzati in Israele ci sar\u00e0 anche un men\u00f9 ispirato al romanzo di Elena Ferrante \u2018L\u2019amica geniale\u2019. Le iniziative, dopo una presentazione alla stampa domenica, prendono il via luned\u00ec 18 novembre con la conferenza scientifica \u201cFood &#038; Foodways. Cooking as a Laboratory for Citizenship\u201d nella quale si parler\u00e0 di come cucina e convivio possano diventare un\u2019occasione di crescita e contatto, un canale di dialogo e un efficace catalizzatore di integrazione. In serata, nella Residenza dell\u2019Ambasciatore d\u2019Italia Gianluigi Benedetti, si svolger\u00e0 la tradizionale cena di gala con lo Chef Arcangelo Dandini, ristoratore romano doc, sempre attento al buon gusto e alla tradizione.<\/p>\n<p>Marted\u00ec \u00e8 prevista una Master Class dello Chef Dandini alla Danon Culinary School di Tel Aviv e in serata lo Chef presenter\u00e0 le sue ricette al ristorante Quattro. Il programma &#8211; elaborato dall\u2019Ambasciata d\u2019Italia, dall\u2019istituto di cultura a Tel Aviv , dall\u2019Agenzia italiana per il commercio estero (ICE), dall\u2019ENIT, dalla Camera di Commercio e Industria Israele-Italia e dall\u2019Accademia Italiana della Cucina, in collaborazione con le principali istituzioni culinarie israeliane &#8211; prosegue nella settimana con lezioni di cucina e cene in ristoranti italiani con gli chef Michele Bozzetto (presso il ristorante Boccalupo a Herzlyia) ed Emanuela Panke (presso il ristorante Raffaello a Haifa), una classe di pasticceria con la giovane emergente pasticcera Lucia De Prai e degustazioni di vini italiani con l\u2019editore di Wine Meridian Fabio Piccoli. Quattro nuove iniziative consentiranno durante tutta la settimana di gustare in numerosi locali di Tel Aviv il vero espresso italiano a un prezzo promozionale, aperitivi e cocktail con il coinvolgimento dei mixologist Vincenzo Mazzilli e Nicola Milella e piatti regionali dedicati alla Toscana, al Lazio, alla Campania e alla Sicilia, presso i ristoranti Pasta Mia, Ernesto, Caff\u00e8 Napoli e Sahki &#038; Sahki.\u00a0 Inoltre, nei ristoranti George and John, Milgo and Milbar, L28 di Tel Aviv, giovani chef venuti dall\u2019Italia prepareranno piatti dal sapore unico italiano. Sul fronte culturale, a Tel Aviv e a Gerusalemme in programma il film \u2018Finch\u00e9 c\u2019\u00e8 prosecco c\u2019\u00e8 speranza di Antonio Padovan, preceduto da una degustazione di Prosecco, per celebrare l\u2019iscrizione delle &#8220;Colline del Prosecco di Conegliano e Valdobbiadene&#8221; nella lista del Patrimonio Mondiale dell&#8217;Umanit\u00e0 dell\u2019UNESCO.<\/p>\n<p>In programma inoltre una conferenza sui legami tra l\u2019origano e lo zaatar, sulla storia della Pasta.&#8221;Anche quest&#8217;anno la Settimana della Cucina italiana in Israele sar\u00e0 l&#8217;occasione per promuovere l\u2019Italia, lo stile e il gusto italiani attraverso i suoi territori ricchi di storia e cultura e i suoi prodotti enogastronomici unici al mondo per qualit\u00e0 e variet\u00e0&#8221;, sottolinea l&#8217;Ambasciatore Gianluigi Benedetti. &#8220;Insieme ai nostri partner, offriremo agli israeliani, durante tutta la settimana, il meglio della creativit\u00e0 e della capacit\u00e0 di innovazione dei nostri chef, valorizzando la Dieta Mediterranea quale stile di vita sano e modello di alimentazione equilibrato alla portata di tutti. L&#8217;enogastronomia italiana, con i suoi collegamenti alla cultura e alle tradizioni regionali, \u00e8 anche un importante fattore di attrazione turistica. Considerato il costante aumento dei flussi turistici e le sue prospettive di crescita, abbiamo, insieme ad ENIT, elaborato un fitto programma di eventi disseminati su tutto il territorio, aperti a tutti gli israeliani per diffondere il \u201cVivere all\u2019Italiana\u201d e promuovere ulteriormente il turismo verso l\u2019Italia\u201d.<\/p>\n","protected":false},"excerpt":{"rendered":"Nel ricco calendario di eventi per la Settimana della cucina italiana organizzati in Israele ci sar\u00e0 anche un men\u00f9 ispirato al romanzo di Elena Ferrante \u2018L\u2019amica geniale\u2019. Le iniziative, dopo una presentazione alla stampa domenica, prendono il via luned\u00ec 18 novembre con la conferenza scientifica \u201cFood &#038; Foodways. Cooking as a Laboratory for Citizenship\u201d nella [&hellip;]","protected":false},"author":1,"featured_media":0,"comment_status":"","ping_status":"","sticky":false,"template":"","format":"standard","meta":{"footnotes":""},"categories":[20],"tags":[32,6,58,90],"class_list":["post-59712","post","type-post","status-publish","format-standard","hentry","category-retediplomatica","tag-diplomazia-culturale","tag-mediterraneo-e-medio-oriente","tag-promozione-integrata","tag-settimana-della-cucina-italiana-mondo"],"_links":{"self":[{"href":"https:\/\/www.esteri.it\/it\/wp-json\/wp\/v2\/posts\/59712","targetHints":{"allow":["GET"]}}],"collection":[{"href":"https:\/\/www.esteri.it\/it\/wp-json\/wp\/v2\/posts"}],"about":[{"href":"https:\/\/www.esteri.it\/it\/wp-json\/wp\/v2\/types\/post"}],"author":[{"embeddable":true,"href":"https:\/\/www.esteri.it\/it\/wp-json\/wp\/v2\/users\/1"}],"replies":[{"embeddable":true,"href":"https:\/\/www.esteri.it\/it\/wp-json\/wp\/v2\/comments?post=59712"}],"version-history":[{"count":0,"href":"https:\/\/www.esteri.it\/it\/wp-json\/wp\/v2\/posts\/59712\/revisions"}],"wp:attachment":[{"href":"https:\/\/www.esteri.it\/it\/wp-json\/wp\/v2\/media?parent=59712"}],"wp:term":[{"taxonomy":"category","embeddable":true,"href":"https:\/\/www.esteri.it\/it\/wp-json\/wp\/v2\/categories?post=59712"},{"taxonomy":"post_tag","embeddable":true,"href":"https:\/\/www.esteri.it\/it\/wp-json\/wp\/v2\/tags?post=59712"}],"curies":[{"name":"wp","href":"https:\/\/api.w.org\/{rel}","templated":true}]}}