{"id":59803,"date":"2019-10-22T10:28:14","date_gmt":"2019-10-22T08:28:14","guid":{"rendered":"https:\/\/www.esteri.it\/sala_stampa\/archivionotizie\/comunicati\/2019\/10\/tunisi-torna-open-art-week\/"},"modified":"2019-10-22T10:28:14","modified_gmt":"2019-10-22T08:28:14","slug":"tunisi-torna-open-art-week","status":"publish","type":"post","link":"https:\/\/www.esteri.it\/it\/sala_stampa\/archivionotizie\/retediplomatica\/2019\/10\/tunisi-torna-open-art-week\/","title":{"rendered":"Tunisi: torna Open Art Week"},"content":{"rendered":"<p>Scambiare esperienze creative tra artisti d&#8217; Italia e Tunisia, per far nascere collaborazioni che vadano oltre alla perfomance del singolo evento. Questo il senso di Open Art Week, progetto che connette artisti e spazi indipendenti nel mondo attraverso l&#8217;organizzazione di una settimana d&#8217;arte contemporanea itinerante, ospitata da piattaforme solidali di spazi d&#8217;arte che collaborano per scambiarsi creativi e, attraverso essi, promuovere internazionalmente la scena artistica pi\u00f9 attuale della propria citt\u00e0 e paese.<\/p>\n<p>Dopo una settimana a Perugia, Open Art Week 2019 sar\u00e0 a Tunisi, grazie all&#8217;Istituto Italiano di Cultura, poi\u00a0a Odessa (Ucraina) nella seconda settimana di novembre con la Moldavia (Transnistria) ospite speciale di questa edizione. L&#8217;incontro e la collaborazione oltremare sono i temi portanti dell&#8217;edizione 2019, realizzati grazie all&#8217;organizzazione di oltre 10 residenze, co-produzioni artistiche e formazioni aperte al pubblico e a professionisti. In primo piano, produzioni alternative di musica, cinema, video-art, fotografia, fumetti e arti performative, con una particolare attenzione ai linguaggi urbani pi\u00f9 nuovi e a realt\u00e0 underground under 30. Open Art Week \u00e8 realizzato con il patrocinio e il sostegno di Ambasciata d&#8217;Italia a Tunisi, Ambasciata di Tunisia in Italia, Comune di Perugia, Polo Museale dell&#8217;Umbria, Teatro Stabile dell&#8217;Umbria;\u00a0in collaborazione con la Fondazione Rambourg in Tunisia e con MoOMA &#8211; Museo di Arte Moderna di Odessa (Ucrania).\u00a0L&#8217;iniziativa si inserisce\u00a0nella XV &#8220;Giornata del Contemporaneo&#8221; .<\/p>\n","protected":false},"excerpt":{"rendered":"Scambiare esperienze creative tra artisti d&#8217; Italia e Tunisia, per far nascere collaborazioni che vadano oltre alla perfomance del singolo evento. Questo il senso di Open Art Week, progetto che connette artisti e spazi indipendenti nel mondo attraverso l&#8217;organizzazione di una settimana d&#8217;arte contemporanea itinerante, ospitata da piattaforme solidali di spazi d&#8217;arte che collaborano per [&hellip;]","protected":false},"author":1,"featured_media":0,"comment_status":"","ping_status":"","sticky":false,"template":"","format":"standard","meta":{"footnotes":""},"categories":[20],"tags":[32,309,6],"class_list":["post-59803","post","type-post","status-publish","format-standard","hentry","category-retediplomatica","tag-diplomazia-culturale","tag-giornata-del-contemporaneo","tag-mediterraneo-e-medio-oriente"],"_links":{"self":[{"href":"https:\/\/www.esteri.it\/it\/wp-json\/wp\/v2\/posts\/59803","targetHints":{"allow":["GET"]}}],"collection":[{"href":"https:\/\/www.esteri.it\/it\/wp-json\/wp\/v2\/posts"}],"about":[{"href":"https:\/\/www.esteri.it\/it\/wp-json\/wp\/v2\/types\/post"}],"author":[{"embeddable":true,"href":"https:\/\/www.esteri.it\/it\/wp-json\/wp\/v2\/users\/1"}],"replies":[{"embeddable":true,"href":"https:\/\/www.esteri.it\/it\/wp-json\/wp\/v2\/comments?post=59803"}],"version-history":[{"count":0,"href":"https:\/\/www.esteri.it\/it\/wp-json\/wp\/v2\/posts\/59803\/revisions"}],"wp:attachment":[{"href":"https:\/\/www.esteri.it\/it\/wp-json\/wp\/v2\/media?parent=59803"}],"wp:term":[{"taxonomy":"category","embeddable":true,"href":"https:\/\/www.esteri.it\/it\/wp-json\/wp\/v2\/categories?post=59803"},{"taxonomy":"post_tag","embeddable":true,"href":"https:\/\/www.esteri.it\/it\/wp-json\/wp\/v2\/tags?post=59803"}],"curies":[{"name":"wp","href":"https:\/\/api.w.org\/{rel}","templated":true}]}}