{"id":59877,"date":"2019-09-24T15:04:57","date_gmt":"2019-09-24T13:04:57","guid":{"rendered":"https:\/\/www.esteri.it\/sala_stampa\/archivionotizie\/comunicati\/2019\/09\/tunisi-i-mestieri-del-cinema-con-il-centro-sperimentale\/"},"modified":"2019-09-24T15:04:57","modified_gmt":"2019-09-24T13:04:57","slug":"tunisi-i-mestieri-del-cinema-con-il-centro-sperimentale","status":"publish","type":"post","link":"https:\/\/www.esteri.it\/it\/sala_stampa\/archivionotizie\/retediplomatica\/2019\/09\/tunisi-i-mestieri-del-cinema-con-il-centro-sperimentale\/","title":{"rendered":"Tunisi: i mestieri del Cinema con il Centro Sperimentale"},"content":{"rendered":"<p>I mestieri del cinema saranno i protagonisti della seconda edizione di \u2018Fare cinema\u2019 che si terr\u00e0 a Tunisi dal 2 al 6 ottobre alla Cin\u00e9math\u00e8que Tunisienne. L&#8217;iniziativa, voluta dalla Farnesina, ha l&#8217;obiettivo di promuovere all&#8217;estero, con il supporto della rete diplomatico-consolare e degli Istituti Italiani di Cultura, la produzione cinematografica italiana di qualit\u00e0.<\/p>\n<p>Attori, registi, sceneggiatori, montatori, direttori di fotografia, costumisti saranno al centro della programmazione cui ha collaborato il Centro Sperimentale di Cinematografia di Roma, la seconda pi\u00f9 antica scuola di cinema del mondo che da oltre ottant\u2019anni forma gli artisti e e i professionisti che hanno contribuito alla grandezza del cinema italiano e alla sua fama nel mondo. L\u2019iniziativa\u00a0 \u00e8 stata realizzata anche in collaborazione con la Cin\u00e9math\u00e8que Tunisienne, con il Centre National du Cin\u00e9ma et de l\u2019Image e con la partecipazione delle Scuole di Cinema di Tunisi.<\/p>\n<p>Il \u00a0fil rouge di \u201cFare cinema\u201d 2019 a Tunisi \u00e8 proprio la presentazione di film che vedono nel cast tecnico e artistico ex allievi e docenti del Centro Sperimentale di Cinematografia. Testimonial e protagonisti di varie masterclass che si alterneranno con la proiezione dei film, saranno Roberto Perpignani, pluripremiato montatore storico dei film dei Taviani, docente di montaggio\u00a0al Centro, Enrica Barbano, costumista e docente, membro dell\u2019Associazione Scenografi, Costumisti e arredatori (ASC), che ha lavorato in produzioni internazionali per cinema e televisione; Costanza Quatriglio, regista tra le pi\u00f9 promettenti del panorama italiano.<\/p>\n<p>Gli ospiti racconteranno agli\u00a0studenti e ai colleghi tunisini le proprie esperienze di un lavoro fatto di passione, creativit\u00e0 e grandi competenze tecniche.<\/p>\n<p>\u00a0Ad aprire la programmazione \u2018Saremo giovani e bellissimi\u2019, l\u2019opera prima di Letizia Lamartire, ex allieva del corso di regia, che nel 2018 \u00e8 stato l\u2019unico film italiano della Settimana della Critica,\u00a0 alla Mostra di Venezia. \u2018La ragazza del mondo\u2019 invece \u00a0\u00e8 l\u2019opera prima di Marco Danieli, ex allievo del corso di regia e attuale docente del corso di regia. Il film, interpretato da Michele Riondino e Sara Serraiocco, ha avuto numerosi riconoscimenti, tra cui il premio Lizzani a Venezia nel 2016 e il David di Donatello 2017. Seguir\u00e0 un film sulla vita di Mia Martini, \u2018Io sono Mia\u2019 di\u00a0Riccardo Donna. \u2018Ricordi?\u2019\u00a0\u00e8 l\u2019opera seconda di Valerio Mieli, ex allievo del corso di regia. Che vede come protagonista Luca Marinelli, fresco vincitore della Coppa Volpi di Venezia per Martin Eden. \u2018Sembra mio figlio\u2019\u00a0di Costanza Quatriglio \u00e8 uno dei film a maggiore vocazione internazionale del cinema italiano recente, con il suo racconto di un immigrato afghano in Italia che torna in patria alla ricerca della madre. Alba Rohwacher, ex allieva del corso di recitazione e tra le attrici italiane pi\u00f9 apprezzate dal pubblico e dalla critica, \u00e8 la protagonista di \u2018Troppa Grazia\u00a0\u2018(2018) di Gianni Zanasi, anch\u2019esso passato per Cannes.\u00a0 \u2018Una questione privata\u2019, ispirato al famoso romanzo di Beppe Fenoglio,\u00a0\u00e8 l\u2019ultimo film diretto in coppia da Paolo e Vittorio Taviani\u00a0nel 2017. Come per molti altri film dei Taviani, il montatore\u00a0\u00e8 Roberto Perpignani. La chiusura del ciclo \u00e8 affidata a \u2018Un giorno all\u2019improvviso\u2019\u00a0di Ciro D\u2019Emilio (2018) vede il contributo, per il suono in presa diretta, di Denny De Angelis, ex allievo di suono.\u00a0il protagonista Giampiero De Concilio ha vinto il premio NuovoImaie nella sezione Orizzonti della Mostra di Venezia.<\/p>\n","protected":false},"excerpt":{"rendered":"I mestieri del cinema saranno i protagonisti della seconda edizione di \u2018Fare cinema\u2019 che si terr\u00e0 a Tunisi dal 2 al 6 ottobre alla Cin\u00e9math\u00e8que Tunisienne. L&#8217;iniziativa, voluta dalla Farnesina, ha l&#8217;obiettivo di promuovere all&#8217;estero, con il supporto della rete diplomatico-consolare e degli Istituti Italiani di Cultura, la produzione cinematografica italiana di qualit\u00e0. Attori, registi, [&hellip;]","protected":false},"author":1,"featured_media":0,"comment_status":"","ping_status":"","sticky":false,"template":"","format":"standard","meta":{"footnotes":""},"categories":[20],"tags":[32,316,6],"class_list":["post-59877","post","type-post","status-publish","format-standard","hentry","category-retediplomatica","tag-diplomazia-culturale","tag-fare-cinema","tag-mediterraneo-e-medio-oriente"],"_links":{"self":[{"href":"https:\/\/www.esteri.it\/it\/wp-json\/wp\/v2\/posts\/59877","targetHints":{"allow":["GET"]}}],"collection":[{"href":"https:\/\/www.esteri.it\/it\/wp-json\/wp\/v2\/posts"}],"about":[{"href":"https:\/\/www.esteri.it\/it\/wp-json\/wp\/v2\/types\/post"}],"author":[{"embeddable":true,"href":"https:\/\/www.esteri.it\/it\/wp-json\/wp\/v2\/users\/1"}],"replies":[{"embeddable":true,"href":"https:\/\/www.esteri.it\/it\/wp-json\/wp\/v2\/comments?post=59877"}],"version-history":[{"count":0,"href":"https:\/\/www.esteri.it\/it\/wp-json\/wp\/v2\/posts\/59877\/revisions"}],"wp:attachment":[{"href":"https:\/\/www.esteri.it\/it\/wp-json\/wp\/v2\/media?parent=59877"}],"wp:term":[{"taxonomy":"category","embeddable":true,"href":"https:\/\/www.esteri.it\/it\/wp-json\/wp\/v2\/categories?post=59877"},{"taxonomy":"post_tag","embeddable":true,"href":"https:\/\/www.esteri.it\/it\/wp-json\/wp\/v2\/tags?post=59877"}],"curies":[{"name":"wp","href":"https:\/\/api.w.org\/{rel}","templated":true}]}}