{"id":5991,"date":"2014-11-24T08:23:21","date_gmt":"2014-11-24T07:23:21","guid":{"rendered":"https:\/\/www.esteri.it\/sala_stampa\/archivionotizie\/comunicati\/2014\/11\/20141124_guerrero_gentiloni\/"},"modified":"2014-11-24T08:23:21","modified_gmt":"2014-11-24T07:23:21","slug":"20141124_guerrero_gentiloni","status":"publish","type":"post","link":"https:\/\/www.esteri.it\/it\/sala_stampa\/archivionotizie\/comunicati\/2014\/11\/20141124_guerrero_gentiloni\/","title":{"rendered":"Scomparsa studenti messicani Guerrero: Gentiloni segue da vicino evolversi vicenda"},"content":{"rendered":"<p><P>In merito all\u2019appello rivolto dall\u2019Architetto Steiner e dai numerosi firmatari dell\u2019iniziativa per far luce sulla scomparsa di 43 studenti messicani nello stato di Guerrero, si informa che il Ministro degli Affari Esteri e della Cooperazione Internazionale Paolo Gentiloni segue da vicino l\u2019evolversi della tragica vicenda. La Farnesina \u00e8 da tempo in contatto con l\u2019Ambasciata del Messico in Italia ed \u00e8 impegnata, nel rispetto della sovranit\u00e0 delle autorit\u00e0 messicane, a contribuire affinch\u00e9 sia fatta luce sui drammatici avvenimenti e si conosca la sorte dei giovani studenti. <\/P><\/p>\n","protected":false},"excerpt":{"rendered":"In merito all\u2019appello rivolto dall\u2019Architetto Steiner e dai numerosi firmatari dell\u2019iniziativa per far luce sulla scomparsa di 43 studenti messicani nello stato di Guerrero, si informa che il Ministro degli Affari Esteri e della Cooperazione Internazionale Paolo Gentiloni segue da vicino l\u2019evolversi della tragica vicenda. La Farnesina \u00e8 da tempo in contatto con l\u2019Ambasciata del [&hellip;]","protected":false},"author":1,"featured_media":0,"comment_status":"","ping_status":"","sticky":false,"template":"","format":"standard","meta":{"footnotes":""},"categories":[1],"tags":[398,76],"class_list":["post-5991","post","type-post","status-publish","format-standard","hentry","category-comunicati","tag-america-latina-e-caraibi","tag-ministri-precedenti"],"_links":{"self":[{"href":"https:\/\/www.esteri.it\/it\/wp-json\/wp\/v2\/posts\/5991","targetHints":{"allow":["GET"]}}],"collection":[{"href":"https:\/\/www.esteri.it\/it\/wp-json\/wp\/v2\/posts"}],"about":[{"href":"https:\/\/www.esteri.it\/it\/wp-json\/wp\/v2\/types\/post"}],"author":[{"embeddable":true,"href":"https:\/\/www.esteri.it\/it\/wp-json\/wp\/v2\/users\/1"}],"replies":[{"embeddable":true,"href":"https:\/\/www.esteri.it\/it\/wp-json\/wp\/v2\/comments?post=5991"}],"version-history":[{"count":0,"href":"https:\/\/www.esteri.it\/it\/wp-json\/wp\/v2\/posts\/5991\/revisions"}],"wp:attachment":[{"href":"https:\/\/www.esteri.it\/it\/wp-json\/wp\/v2\/media?parent=5991"}],"wp:term":[{"taxonomy":"category","embeddable":true,"href":"https:\/\/www.esteri.it\/it\/wp-json\/wp\/v2\/categories?post=5991"},{"taxonomy":"post_tag","embeddable":true,"href":"https:\/\/www.esteri.it\/it\/wp-json\/wp\/v2\/tags?post=5991"}],"curies":[{"name":"wp","href":"https:\/\/api.w.org\/{rel}","templated":true}]}}