{"id":60625,"date":"2018-10-11T16:39:55","date_gmt":"2018-10-11T14:39:55","guid":{"rendered":"https:\/\/www.esteri.it\/sala_stampa\/archivionotizie\/comunicati\/2018\/10\/managua-scusate-se-esisto-apre-festival-cinema-europeo\/"},"modified":"2018-10-11T16:39:55","modified_gmt":"2018-10-11T14:39:55","slug":"managua-scusate-se-esisto-apre-festival-cinema-europeo","status":"publish","type":"post","link":"https:\/\/www.esteri.it\/it\/sala_stampa\/archivionotizie\/retediplomatica\/2018\/10\/managua-scusate-se-esisto-apre-festival-cinema-europeo\/","title":{"rendered":"Managua, \u2018Scusate se esisto\u2019 apre festival cinema europeo"},"content":{"rendered":"<p>Per il secondo anno consecutivo sar\u00e0 un film italiano ad inaugurare il festival del cinema europeo a Managua giunto alla\u00a0\u00a0 XV edizione. La premiere del 24 ottobre sar\u00e0 quindi dedicata a \u2018Scusate se esisto\u2019 di Riccardo Milani, con Paola Cortellesi e Raoul Bova, opera scelta nonostante la prassi che ha visto fino ad ora prevalere una logica di alternanza tra i film dei vari paesi europei.<\/p>\n<p>Fino all\u20198 novembre \u00e8 in cartellone una ricca selezione di film europei provenienti da Francia, Spagna, Germania, Svezia, e Svizzera e l\u2019Italia sar\u00e0 presente anche con \u2018La Mafia uccide solo d\u2019estate\u2019 di Pierfrancesco Diliberto.\u00a0<\/p>\n<p>\u00a0\u00a0L\u2019Unione europea con questa manifestazione intende promuovere una riflessione sulla diversit\u00e0, le questioni di genere, la difesa dei diritti umani, la legalit\u00e0, la difesa della vita e la libert\u00e0 di espressione. La mostra consentir\u00e0 ai nicaraguensi di fare un viaggio attraverso le diverse storie, generi, culture e tematiche europee.<\/p>\n","protected":false},"excerpt":{"rendered":"Per il secondo anno consecutivo sar\u00e0 un film italiano ad inaugurare il festival del cinema europeo a Managua giunto alla\u00a0\u00a0 XV edizione. La premiere del 24 ottobre sar\u00e0 quindi dedicata a \u2018Scusate se esisto\u2019 di Riccardo Milani, con Paola Cortellesi e Raoul Bova, opera scelta nonostante la prassi che ha visto fino ad ora prevalere [&hellip;]","protected":false},"author":1,"featured_media":0,"comment_status":"","ping_status":"","sticky":false,"template":"","format":"standard","meta":{"footnotes":""},"categories":[20],"tags":[398,32],"class_list":["post-60625","post","type-post","status-publish","format-standard","hentry","category-retediplomatica","tag-america-latina-e-caraibi","tag-diplomazia-culturale"],"_links":{"self":[{"href":"https:\/\/www.esteri.it\/it\/wp-json\/wp\/v2\/posts\/60625","targetHints":{"allow":["GET"]}}],"collection":[{"href":"https:\/\/www.esteri.it\/it\/wp-json\/wp\/v2\/posts"}],"about":[{"href":"https:\/\/www.esteri.it\/it\/wp-json\/wp\/v2\/types\/post"}],"author":[{"embeddable":true,"href":"https:\/\/www.esteri.it\/it\/wp-json\/wp\/v2\/users\/1"}],"replies":[{"embeddable":true,"href":"https:\/\/www.esteri.it\/it\/wp-json\/wp\/v2\/comments?post=60625"}],"version-history":[{"count":0,"href":"https:\/\/www.esteri.it\/it\/wp-json\/wp\/v2\/posts\/60625\/revisions"}],"wp:attachment":[{"href":"https:\/\/www.esteri.it\/it\/wp-json\/wp\/v2\/media?parent=60625"}],"wp:term":[{"taxonomy":"category","embeddable":true,"href":"https:\/\/www.esteri.it\/it\/wp-json\/wp\/v2\/categories?post=60625"},{"taxonomy":"post_tag","embeddable":true,"href":"https:\/\/www.esteri.it\/it\/wp-json\/wp\/v2\/tags?post=60625"}],"curies":[{"name":"wp","href":"https:\/\/api.w.org\/{rel}","templated":true}]}}