{"id":61505,"date":"2015-11-13T13:16:15","date_gmt":"2015-11-13T12:16:15","guid":{"rendered":"https:\/\/www.esteri.it\/sala_stampa\/archivionotizie\/comunicati\/2015\/11\/gentiloni-as-rouhani-visits-italy\/"},"modified":"2015-11-13T13:16:15","modified_gmt":"2015-11-13T12:16:15","slug":"gentiloni-as-rouhani-visits-italy","status":"publish","type":"post","link":"https:\/\/www.esteri.it\/it\/sala_stampa\/archivionotizie\/interventi\/2015\/11\/gentiloni-as-rouhani-visits-italy\/","title":{"rendered":"Gentiloni: \u00abAs Rouhani visits Italy to raise Post reporter\u2019s jailing\u201d\u00bb (The Washington Post) \u2013 versione originale"},"content":{"rendered":"<p><em>(Traduzione di cortesia)<\/em><\/p>\n<p>Durante la visita di Rouhani l\u2019Italia sollever\u00e0 il caso dell\u2019incarcerazione del giornalista del Post<\/p>\n<p>Roma \u2013 Il Ministro degli Affari Esteri Italiano Paolo Gentiloni ha detto che durante la visita del Presidente dell\u2019Iran Hassan Rouhani a Roma sabato, il suo paese sollever\u00e0 il caso del corrispondente del Washington Post a Teheran Jason Rezaian detenuto in Iran. Il Ministro Gentiloni ha affermato che una risoluzione della questione aiuterebbe ad alimentare la fiducia nel paese nel contesto dello storico accordo nucleare dell\u2019Iran con le grandi potenze mondiali.<\/p>\n<p>Nonostante il Washington Post e i giornali internazionali sostengano che Rezaian sia innocente e abbia agito solo come giornalista, Rezaian \u00e8 detenuto da pi\u00f9 di un anno e di recente \u00e8 stato condannato per spionaggio e altre accuse. Recentemente l\u2019Iran ha arrestato anche il cittadino iraniano-americano residente a Dubai Siamak Namazi, facendo salire a quattro il numero degli americani con doppia cittadinanza detenuti nel paese.<\/p>\n<p>In una lunga intervista con il Washington Post, Gentiloni ha affermato di aver gi\u00e0 sollevato con alcuni funzionari iraniani la questione riguardante la detenzione di Rezaian. Gli italiani, ha confermato, si occuperanno nuovamente del caso Rezaian con Rouhani, il quale sta compiendo ora il suo primo viaggio in Europa come presidente. Rouhani incontrer\u00e0 anche il Primo Ministro Italiano Matteo Renzi. Durante un viaggio che \u00e8 stato annunciato come l\u2019inizio dell\u2019uscita dall\u2019isolamento economico dai paesi occidentali, prima di recarsi in Francia Rouhani incontrer\u00e0 anche Papa Francesco.<\/p>\n<p>Di seguito alcuni estratti dell\u2019intervista:<\/p>\n<p><strong>L\u2019Italia \u00e8 stata colpita duramente dalle sanzioni economiche contro l\u2019Iran?<\/strong><\/p>\n<p>S\u00ec. Non solo l\u2019Italia, ma anche altri paesi europei. Stiamo facendo ora il primo passo e\u2026 non siamo ancora giunti al cosiddetto momento dell\u2019attuazione. Per arrivarci abbiamo bisogno che l\u2019AIEA (Agenzia Internazionale per l\u2019Energia Atomica) verifichi un certo numero di questioni. Sappiamo che questo processo segue un percorso chiaro e definito e la visita del Presidente Rouhani sar\u00e0 un\u2019opportunit\u00e0 per consolidare la nostra cooperazione economica e culturale. L\u2019attuazione dipende per\u00f2 dal progresso di questi fattori.<\/p>\n<p><strong>Quali sono i possibili ostacoli?<\/strong><\/p>\n<p>Penso che la posta in gioco sia principalmente di stampo politico piuttosto che concernere dettagli tecnici. Sappiamo che in febbraio in Iran ci saranno le votazioni e il dibattito pubblico potrebbe essere dominato da due aspetti che in realt\u00e0 connessi tra loro e che sono l\u2019economia e le relazioni con i paesi occidentali e gli Stati Uniti. I problemi non hanno a che fare con questo o quell\u2019aspetto tecnico legati all\u2019AIEA, ma con il fatto che la volont\u00e0 politica dei leader che hanno firmato l\u2019accordo di Vienna dovrebbe rimanere solida e consistente.<\/p>\n<p><strong>Che cosa potrebbe aiutare a mantenere le cose in pista?<\/strong><\/p>\n<p>Naturalmente c\u2019\u00e8 qualcosa che potrebbe aiutare ad aumentare la fiducia. Il minimo indispensabile sarebbe rispettare l\u2019accordo firmato e ci\u00f2 dipende dalla volont\u00e0 politica. A parte questo c\u2019\u00e8 qualcos\u2019altro che potrebbe aiutare ad aumentare la fiducia e a facilitare le relazioni tra gli Stati Uniti e l\u2019Iran o anche tra l\u2019Iran, gli Stati Uniti e l\u2019Europa. Una questione \u00e8 la situazione che riguarda alcuni cittadini americani. Il vostro collega [Rezaian] e altri due o tre cittadini americani. La soluzione di questo problema potrebbe non solo essere un passo avanti nella giusta direzione dal punto di vista umanitario, ma contribuirebbe anche a facilitare il processo nel suo insieme. Se possibile, i paesi europei \u2013 l\u2019Italia, per quanto ci concerne \u2013 potrebbero non solo sollevare la questione, ma anche aiutare a trovare una soluzione.<\/p>\n<p><strong>L\u2019Italia sollever\u00e0 il caso di Jason con gli iraniani durante questo fine settimana?<\/strong><\/p>\n<p>Certamente. Lo abbiamo gi\u00e0 fatto in passato. Non vogliamo sollevare il caso per farne uno scandalo, ma per cercare di dare un contributo alla soluzione del problema. Una soluzione non solo per questioni umanitarie, ma anche per creare l\u2019atmosfera giusta. Un altro elemento che potrebbe aiutare \u00e8 il risultato potenziale di ci\u00f2 che succeder\u00e0 questo sabato a Vienna durante il secondo giro di negoziazioni sulla Siria.<\/p>\n<p><strong>Chiederete agli iraniani di cooperare di pi\u00f9 sulla questione riguardante la Siria?<\/strong><\/p>\n<p>Penso che gli iraniani possano accettare l\u2019idea che ci sia una transizione con un\u2019apertura verso un governo diverso da quello che abbiamo ora e, ad un certo punto, arrivare non ad un cambio di regime ma al fatto che Bashar Al-Assad non sia pi\u00f9 al comando del paese. Gli iraniani non accettano questa idea, ma spero che durante i prossimi negoziati riusciremo a trovare un compromesso.<\/p>\n<p><strong>Come interpretate i segnali recenti che indicano che coloro che rappresentano la linea dura in Iran stanno rafforzando la loro posizione nel paese?<\/strong><\/p>\n<p>\u00a0Non mi trovo nella posizione di poter fare un\u2019analisi accurata delle notizie pi\u00f9 recenti. Credo fermamente per\u00f2 che il Presidente Rouhani e il governo si siano impegnati in un processo. Non penso per\u00f2 che questo processo significhi cambiare i principi della repubblica islamica, penso invece riguardi il fatto di accettare un certo percorso di apertura in campo politico ed economico. Questo \u00e8 ci\u00f2 che \u00e8 cruciale dal nostro punto di vista.<\/p>\n","protected":false},"excerpt":{"rendered":"(Traduzione di cortesia) Durante la visita di Rouhani l\u2019Italia sollever\u00e0 il caso dell\u2019incarcerazione del giornalista del Post Roma \u2013 Il Ministro degli Affari Esteri Italiano Paolo Gentiloni ha detto che durante la visita del Presidente dell\u2019Iran Hassan Rouhani a Roma sabato, il suo paese sollever\u00e0 il caso del corrispondente del Washington Post a Teheran Jason [&hellip;]","protected":false},"author":1,"featured_media":0,"comment_status":"","ping_status":"","sticky":false,"template":"","format":"standard","meta":{"footnotes":""},"categories":[22],"tags":[],"class_list":["post-61505","post","type-post","status-publish","format-standard","hentry","category-interventi"],"_links":{"self":[{"href":"https:\/\/www.esteri.it\/it\/wp-json\/wp\/v2\/posts\/61505","targetHints":{"allow":["GET"]}}],"collection":[{"href":"https:\/\/www.esteri.it\/it\/wp-json\/wp\/v2\/posts"}],"about":[{"href":"https:\/\/www.esteri.it\/it\/wp-json\/wp\/v2\/types\/post"}],"author":[{"embeddable":true,"href":"https:\/\/www.esteri.it\/it\/wp-json\/wp\/v2\/users\/1"}],"replies":[{"embeddable":true,"href":"https:\/\/www.esteri.it\/it\/wp-json\/wp\/v2\/comments?post=61505"}],"version-history":[{"count":0,"href":"https:\/\/www.esteri.it\/it\/wp-json\/wp\/v2\/posts\/61505\/revisions"}],"wp:attachment":[{"href":"https:\/\/www.esteri.it\/it\/wp-json\/wp\/v2\/media?parent=61505"}],"wp:term":[{"taxonomy":"category","embeddable":true,"href":"https:\/\/www.esteri.it\/it\/wp-json\/wp\/v2\/categories?post=61505"},{"taxonomy":"post_tag","embeddable":true,"href":"https:\/\/www.esteri.it\/it\/wp-json\/wp\/v2\/tags?post=61505"}],"curies":[{"name":"wp","href":"https:\/\/api.w.org\/{rel}","templated":true}]}}