{"id":61555,"date":"2016-08-11T13:24:23","date_gmt":"2016-08-11T11:24:23","guid":{"rendered":"https:\/\/www.esteri.it\/sala_stampa\/archivionotizie\/comunicati\/2016\/08\/gentiloni-pinotti-l-italie-appelle\/"},"modified":"2016-08-11T13:24:23","modified_gmt":"2016-08-11T11:24:23","slug":"gentiloni-pinotti-l-italie-appelle","status":"publish","type":"post","link":"https:\/\/www.esteri.it\/it\/sala_stampa\/archivionotizie\/interviste\/2016\/08\/gentiloni-pinotti-l-italie-appelle\/","title":{"rendered":"Gentiloni &#8211; Pinotti: L&#8217;Italie appelle \u00e0 un \u00abSchengen de la d\u00e9fense\u00bb  (Le Monde)"},"content":{"rendered":"<p>Le r\u00e9sultat du r\u00e9f\u00e9rendum britannique et la succession d&#8217;attaques terroristes meurtri\u00e8res alimentent un sentiment d&#8217;anxi\u00e9t\u00e9 sans pr\u00e9c\u00e9dent en Europe. Si nous voulons contrecarrer la d\u00e9rive populiste qui essaye de profiter de la situation pour mettre en avant les arguments \u00a0antieurop\u00e9ens, nous devons offrir des r\u00e9ponses efficaces aux pr\u00e9occupations croissantes de nos citoyens, en commen\u00e7ant par la s\u00e9curit\u00e9. L&#8217;une des r\u00e9ponses les plus pertinentes &#8211; \u00e0 vrai dire assez peu pr\u00e9sente dans le d\u00e9bat public &#8211; est celle qu&#8217;on peut donner sur le plan de la d\u00e9fense.\u00a0\u00a0<\/p>\n<p>Si la sortie du Royaume-Uni de l&#8217;Union europ\u00e9enne (UE) nous prive d&#8217;un Etat membre dot\u00e9 de capacit\u00e9s militaires remarquables, il n&#8217;en reste pas moins qu&#8217;elle ouvre de nouvelles perspectives pour la d\u00e9fense commune. Sa relance nous permettrait non seulement de renforcer notre capacit\u00e9 op\u00e9rationnelle dans les zones de crise et dans la lutte contre le terrorisme, et d&#8217;augmenter l&#8217;efficacit\u00e9 de nos ressources, mais \u00e9galement d&#8217;obtenir un impact politique important, en soulignant notre volont\u00e9 d&#8217;appuyer concr\u00e8tement le projet d&#8217;int\u00e9gration. \u00a0<\/p>\n<p>RECHERCHE ET TECHNOLOGIE \u00a0 La vision italienne indique deux voies qui m\u00e9riteraient \u00a0 d&#8217;\u00eatre explor\u00e9es pour donner suite \u00e0 ces r\u00e9flexions. La premi\u00e8re est la voie ordinaire, pr\u00e9vue par les dispositions des trait\u00e9s en vigueur. Il s&#8217;agirait &#8211; comme l&#8217;indique d&#8217;ailleurs la strat\u00e9gie globale de l&#8217;UE adopt\u00e9e en juin 2016 &#8211; de doter l&#8217;Union d&#8217;une autonomie d&#8217;action accrue, en renfor\u00e7ant le d\u00e9veloppement de nos capacit\u00e9s militaires communes, en stimulant la coop\u00e9ration entre les Etats membres et en renfor\u00e7ant l&#8217;industrie europ\u00e9enne de la d\u00e9fense, notamment les investissements dans la recherche et la technologie. \u00a0<\/p>\n<p>II s&#8217;agirait \u00e9galement d&#8217;exploiter le potentiel inexprim\u00e9 de certaines dispositions novatrices du trait\u00e9 de Lisbonne, y compris les articles 44 (missions effectu\u00e9es par un groupe d&#8217;Etats membres pour le compte de toute l&#8217;UE) et 46 (coop\u00e9ration structur\u00e9e permanente). L&#8217;Italie a particip\u00e9 et continuera de participer activement \u00e0 toutes les discussions sur la mise en \u0153uvre de ces clauses, dont l&#8217;utilisation concr\u00e8te a longtemps \u00e9t\u00e9 retard\u00e9e par l&#8217;existence de sensibilit\u00e9s politiques tr\u00e8s marqu\u00e9es aussi bien que de m\u00e9canismes d\u00e9cisionnels complexes. \u00a0<\/p>\n<p>Mais l&#8217;Italie invite \u00e9galement ses partenaires \u00e0 entamer une discussion sur une option plus ambitieuse: le lancement par un groupe d&#8217;Etats membres d&#8217;une sorte d&#8217;Union pour la d\u00e9fense europ\u00e9enne. Cette initiative reposerait sur le constat que le d\u00e9bat traditionnel sur la politique de s\u00e9curit\u00e9 et de d\u00e9fense a produit jusqu&#8217;ici des r\u00e9sultats inf\u00e9rieurs aux attentes et que les \u00e9v\u00e9nements extraordinaires qui caract\u00e9risent notre \u00e9poque exigent des solutions tout aussi extraordinaires. \u00a0<\/p>\n<p>Dans l&#8217;optique de ce \u00abSchengen de la d\u00e9fense\u00bb, un groupe d&#8217;Etats membres pourrait acc\u00e9l\u00e9rer son int\u00e9gration dans le domaine de la d\u00e9fense en mutualisant un certain nombre de capacit\u00e9s et de ressources, sur la base d&#8217;un mod\u00e8le et d&#8217;un concept partag\u00e9s et d&#8217;un accord constitutif qui en \u00e9tablirait les finalit\u00e9s ainsi que les modalit\u00e9s op\u00e9rationnelles. Il ne s&#8217;agirait pas de cr\u00e9er une \u00abarm\u00e9e europ\u00e9enne\u00bb regroupant la totalit\u00e9 des forces nationales des Etats participants, mais plut\u00f4t de constituer une \u00abforce europ\u00e9enne multinationale\u00bb, avec des fonctions et un mandat \u00e9tablis conjointement, dot\u00e9e d&#8217;une structure de commandement et de m\u00e9canismes d\u00e9cisionnels et budg\u00e9taires communs. Les capacit\u00e9s et les forces ainsi d\u00e9velopp\u00e9es et mutualis\u00e9es seraient \u00e0 \u00a0 la disposition non seulement de l&#8217;Union europ\u00e9enne pour ses missions militaires, mais \u00e9galement de l&#8217;OTAN et des Nations unies. \u00a0<\/p>\n<p>Dans sa phase initiale, ce projet pourrait \u00eatre port\u00e9 par un groupe restreint de pays &#8211; dont les fondateurs de l&#8217;union &#8211; pour ensuite\u00a0\u00eatre ouvert \u00e0 l&#8217;adh\u00e9sion de tous les Etats membres qui en partageraient l&#8217;objectif politique et la m\u00e9thode novatrice, surla base d&#8217;un sch\u00e9ma d&#8217;int\u00e9gration \u00abdiff\u00e9renci\u00e9e\u00bb qui est d\u00e9j\u00e0 appliqu\u00e9 au sein de l&#8217;UE dans diff\u00e9rents secteurs. A terme, \u00e0 l&#8217;instar d&#8217;autres initiatives qui ont vu le jour en dehors des institutions communes, l&#8217;objectif serait d&#8217;encourager la participation d&#8217;un grand nombre d&#8217;Etats membres \u00a0 pour incorporer cette initiative dans les trait\u00e9s, comme ce fut justement le cas avec les accords de Schengen. \u00a0<\/p>\n<p>Gr\u00e2ce \u00e0 la force de sa tradition de grande attention aux exigences de l&#8217;Alliance atlantique et de ses relations avec les Etats-Unis, l&#8217;Italie serait \u00e9galement pr\u00eate \u00e0 s&#8217;employer \u00e0 dissiper toute crainte de chevauchement ou de doubles emplois avec l&#8217;OTAN, qui au contraire pourrait \u00e0 notre avis tirer un grand avantage de cette initiative.<\/p>\n","protected":false},"excerpt":{"rendered":"Le r\u00e9sultat du r\u00e9f\u00e9rendum britannique et la succession d&#8217;attaques terroristes meurtri\u00e8res alimentent un sentiment d&#8217;anxi\u00e9t\u00e9 sans pr\u00e9c\u00e9dent en Europe. Si nous voulons contrecarrer la d\u00e9rive populiste qui essaye de profiter de la situation pour mettre en avant les arguments \u00a0antieurop\u00e9ens, nous devons offrir des r\u00e9ponses efficaces aux pr\u00e9occupations croissantes de nos citoyens, en commen\u00e7ant par [&hellip;]","protected":false},"author":1,"featured_media":0,"comment_status":"","ping_status":"","sticky":false,"template":"","format":"standard","meta":{"footnotes":""},"categories":[23],"tags":[76,404,42],"class_list":["post-61555","post","type-post","status-publish","format-standard","hentry","category-interviste","tag-ministri-precedenti","tag-sicurezza","tag-unione-europea"],"_links":{"self":[{"href":"https:\/\/www.esteri.it\/it\/wp-json\/wp\/v2\/posts\/61555","targetHints":{"allow":["GET"]}}],"collection":[{"href":"https:\/\/www.esteri.it\/it\/wp-json\/wp\/v2\/posts"}],"about":[{"href":"https:\/\/www.esteri.it\/it\/wp-json\/wp\/v2\/types\/post"}],"author":[{"embeddable":true,"href":"https:\/\/www.esteri.it\/it\/wp-json\/wp\/v2\/users\/1"}],"replies":[{"embeddable":true,"href":"https:\/\/www.esteri.it\/it\/wp-json\/wp\/v2\/comments?post=61555"}],"version-history":[{"count":0,"href":"https:\/\/www.esteri.it\/it\/wp-json\/wp\/v2\/posts\/61555\/revisions"}],"wp:attachment":[{"href":"https:\/\/www.esteri.it\/it\/wp-json\/wp\/v2\/media?parent=61555"}],"wp:term":[{"taxonomy":"category","embeddable":true,"href":"https:\/\/www.esteri.it\/it\/wp-json\/wp\/v2\/categories?post=61555"},{"taxonomy":"post_tag","embeddable":true,"href":"https:\/\/www.esteri.it\/it\/wp-json\/wp\/v2\/tags?post=61555"}],"curies":[{"name":"wp","href":"https:\/\/api.w.org\/{rel}","templated":true}]}}