{"id":6201,"date":"2014-09-27T13:38:33","date_gmt":"2014-09-27T11:38:33","guid":{"rendered":"https:\/\/www.esteri.it\/sala_stampa\/archivionotizie\/comunicati\/2014\/09\/20140927_ssgiro_agr_immigraz\/"},"modified":"2014-09-27T13:38:33","modified_gmt":"2014-09-27T11:38:33","slug":"20140927_ssgiro_agr_immigraz","status":"publish","type":"post","link":"https:\/\/www.esteri.it\/it\/sala_stampa\/archivionotizie\/comunicati\/2014\/09\/20140927_ssgiro_agr_immigraz\/","title":{"rendered":"Il sottosegretario Giro ad Agrigento"},"content":{"rendered":"<p><P>Il Sottosegretario Giro ha partecipato quest&#8217;oggi ad Agrigento alla seconda giornata di lavori dell&#8217;appuntamento &#8220;La societ\u00e0 del futuro. Governare l&#8217;immigrazione&#8221;, promosso dal Gruppo Pd della Camera dei Deputati.<\/P><br \/>\n<P>L&#8217;incontro, che rientra nell\u2019ambito di altre iniziative dal titolo \u201cPi\u00f9 Italia in Europa\u201d, ha inteso analizzare il tema dell&#8217;immigrazione in termini di flussi, di politiche dell&#8217;integrazione e di risorse.<\/P><br \/>\n<P>&#8220;Per parlare dei flussi migratori dobbiamo iniziare da chi parte&#8221; ha esordito il Sottosegretario Giro, sottolineando la necessit\u00e0 di operare uno sforzo di analisi e di comprensione per gestire il fenomeno. &#8220;\u00c8 urgente un maggiore coordinamento a livello nazionale ed europeo sia sotto il profilo normativo che operativo, sfruttando e valorizzando gli strumenti esistenti al fine di garantire la protezione internazionale a chi ne ha diritto&#8221;, ha continuato il Sottosegretario. <\/P>Ricordando l&#8217;uccisione del giovane sudafricano Jerry Masllo e la riflessione sul dramma dell&#8217;immigrazione che tale tragico episodio innesc\u00f2 nel Paese, il Sottosegretario ha concluso sottolineando le opportunit\u00e0, ed al contempo le responsabilit\u00e0, fornite dal Semestre italiano di Presidenza del Consiglio dell&#8217;UE dinanzi a &#8220;un grido di dolore che non pu\u00f2 restare inascoltato&#8221;.<\/p>\n","protected":false},"excerpt":{"rendered":"Il Sottosegretario Giro ha partecipato quest&#8217;oggi ad Agrigento alla seconda giornata di lavori dell&#8217;appuntamento &#8220;La societ\u00e0 del futuro. Governare l&#8217;immigrazione&#8221;, promosso dal Gruppo Pd della Camera dei Deputati. L&#8217;incontro, che rientra nell\u2019ambito di altre iniziative dal titolo \u201cPi\u00f9 Italia in Europa\u201d, ha inteso analizzare il tema dell&#8217;immigrazione in termini di flussi, di politiche dell&#8217;integrazione e [&hellip;]","protected":false},"author":1,"featured_media":0,"comment_status":"","ping_status":"","sticky":false,"template":"","format":"standard","meta":{"footnotes":""},"categories":[1],"tags":[],"class_list":["post-6201","post","type-post","status-publish","format-standard","hentry","category-comunicati"],"_links":{"self":[{"href":"https:\/\/www.esteri.it\/it\/wp-json\/wp\/v2\/posts\/6201","targetHints":{"allow":["GET"]}}],"collection":[{"href":"https:\/\/www.esteri.it\/it\/wp-json\/wp\/v2\/posts"}],"about":[{"href":"https:\/\/www.esteri.it\/it\/wp-json\/wp\/v2\/types\/post"}],"author":[{"embeddable":true,"href":"https:\/\/www.esteri.it\/it\/wp-json\/wp\/v2\/users\/1"}],"replies":[{"embeddable":true,"href":"https:\/\/www.esteri.it\/it\/wp-json\/wp\/v2\/comments?post=6201"}],"version-history":[{"count":0,"href":"https:\/\/www.esteri.it\/it\/wp-json\/wp\/v2\/posts\/6201\/revisions"}],"wp:attachment":[{"href":"https:\/\/www.esteri.it\/it\/wp-json\/wp\/v2\/media?parent=6201"}],"wp:term":[{"taxonomy":"category","embeddable":true,"href":"https:\/\/www.esteri.it\/it\/wp-json\/wp\/v2\/categories?post=6201"},{"taxonomy":"post_tag","embeddable":true,"href":"https:\/\/www.esteri.it\/it\/wp-json\/wp\/v2\/tags?post=6201"}],"curies":[{"name":"wp","href":"https:\/\/api.w.org\/{rel}","templated":true}]}}