{"id":62949,"date":"2021-11-09T19:05:38","date_gmt":"2021-11-09T18:05:38","guid":{"rendered":"https:\/\/www.esteri.it\/?p=62949"},"modified":"2021-11-10T15:51:33","modified_gmt":"2021-11-10T14:51:33","slug":"colloquio-telefonico-tra-i-ministri-degli-esteri-del-marocco-e-dellitalia-09-novembre-2021-comunicato-stampa-congiunto","status":"publish","type":"post","link":"https:\/\/www.esteri.it\/it\/sala_stampa\/archivionotizie\/comunicati\/2021\/11\/colloquio-telefonico-tra-i-ministri-degli-esteri-del-marocco-e-dellitalia-09-novembre-2021-comunicato-stampa-congiunto\/","title":{"rendered":"Colloquio telefonico tra i Ministri degli Esteri del Marocco e dell&#8217;Italia (09 novembre 2021). Comunicato stampa congiunto"},"content":{"rendered":"<p class=\"x_MsoNormal\"><span lang=\"FR\">Il Ministro degli Affari Esteri del Regno del Marocco, Sig. Nasser Bourita e il Ministro degli Affari Esteri della Repubblica Italiana, Sig. Luigi Di Maio, hanno avuto un colloquio telefonico in data 9 novembre 2021.<\/span><u><\/u><u><\/u><\/p>\n<p class=\"x_MsoNormal\"><span lang=\"FR\">Nel corso del colloquio, i due Ministri hanno richiamato con favore lo stato eccellente delle relazioni tra il Marocco e l\u2019Italia, concordando di accelerare l&#8217;attuazione del Partenariato Strategico Multidimensionale tra i due Paesi.<\/span><u><\/u><u><\/u><\/p>\n<p class=\"x_MsoNormal\"><span lang=\"FR\">Essi hanno riaffermato il forte interesse al mantenimento e al rafforzamento del quadro giuridico che lega il Marocco all&#8217;Unione europea, che risulta essenziale al fine di garantire la continuazione e la stabilit\u00e0 del loro partenariato strategico, e hanno sottolineato l&#8217;importanza delle iniziative del Consiglio UE relative agli accordi sulla pesca e sui prodotti agricoli tra il Marocco e l&#8217;Unione europea.<\/span><u><\/u><u><\/u><\/p>\n<p class=\"x_MsoNormal\"><span lang=\"FR\">Il Min. Di Maio ha fatto riferimento alla posizione dell&#8217;Italia sulla questione del Sahara occidentale, cos\u00ec come espressa nella Dichiarazione sul Partenariato Strategico Multidimensionale, firmata il 1 novembre 2019 a Rabat, ribadendo il pieno sostegno italiano agli sforzi del Segretario Generale delle Nazioni Unite a continuare il processo politico, in conformit\u00e0 con le Risoluzioni del Consiglio di Sicurezza delle Nazioni Unite, in particolare la Risoluzione 2602 del 29\/10\/2021.<\/span><u><\/u><u><\/u><\/p>\n<p class=\"x_MsoNormal\"><span lang=\"FR\">L&#8217;Italia saluta a questo proposito gli sforzi seri e credibili compiuti dal Marocco nel quadro delle Nazioni Unite, e invita tutte le parti a rinnovare il loro impegno in uno spirito di realismo e di compromesso.<\/span><u><\/u><u><\/u><\/p>\n<p class=\"x_MsoNormal\"><span lang=\"FR\">I due Ministri hanno inoltre avuto uno scambio approfondito sulle questioni regionali e internazionali di interesse comune, a partire dagli ultimi sviluppi in Libia<\/span>.<\/p>\n<p>*****<\/p>\n<p><strong>Maroc \u2013Italie <\/strong><strong>Entretien t\u00e9l\u00e9phonique entre les Ministres des Affaires Etrang\u00e8res du Maroc et de l\u2019Italie <\/strong><strong>-le 09 novembre 2021 &#8211; <\/strong><strong>Communiqu\u00e9 conjoint<\/strong><\/p>\n<p>&nbsp;<\/p>\n<p>Le Ministre des Affaires Etrang\u00e8res du Royaume du Maroc, M. Nasser Bourita et le Ministre des Affaires Etrang\u00e8res de la R\u00e9publique d\u2019Italie, M. Luigi Di Maio ont eu un entretien t\u00e9l\u00e9phonique, le 9 novembre 2021.<\/p>\n<p>Lors de cet entretien, les deux Ministres, qui ont lou\u00e9 l\u2019excellence des relations qui lient le Maroc et l\u2019Italie, ont convenu d\u2019acc\u00e9l\u00e9rer la mise en \u0153uvre du partenariat strat\u00e9gique multidimensionnel entre les deux pays.<\/p>\n<p>Ils ont r\u00e9affirm\u00e9 leur grand int\u00e9r\u00eat au maintien et au renforcement du cadre juridique qui lie le Maroc \u00e0 l\u2019Union Europ\u00e9enne, qui est essentiel pour garantir la poursuite et la stabilit\u00e9 de leur partenariat strat\u00e9gique, et ont marqu\u00e9 l\u2019importance des initiatives du Conseil de l\u2019UE relatif aux accords de p\u00eache et agricole entre le Maroc et l\u2019Union Europ\u00e9enne.<\/p>\n<ol start=\"2021\">\n<li>Di Maio a \u00e9voqu\u00e9 la position de l\u2019Italie sur la question du Sahara occidental, telle qu\u2019exprim\u00e9e dans la D\u00e9claration sur le Partenariat Strat\u00e9gique Multidimensionnel, sign\u00e9e le 1er novembre 2019 \u00e0 Rabat, en r\u00e9affirmant le plein soutien italien aux efforts du Secr\u00e9taire G\u00e9n\u00e9ral de l\u2019ONU pour poursuivre le processus politique, en conformit\u00e9 avec les r\u00e9solutions du Conseil de S\u00e9curit\u00e9 des Nations Unies, notamment la R\u00e9solution 2602 du 29\/10\/2021.<\/li>\n<\/ol>\n<p>L\u2019Italie, salue \u00e0 ce titre les efforts s\u00e9rieux et cr\u00e9dibles men\u00e9s par le Maroc dans le cadre des Nations Unies et encourage toutes les parties \u00e0 poursuivre leur engagement dans un esprit de r\u00e9alisme et de compromis.<\/p>\n<p>Les deux Ministres ont aussi eu un \u00e9change approfondi sur les questions r\u00e9gionales et internationales d\u2019int\u00e9r\u00eat commun, notamment les derniers d\u00e9veloppements en Libye.<\/p>\n","protected":false},"excerpt":{"rendered":"Il Ministro degli Affari Esteri del Regno del Marocco, Sig. Nasser Bourita e il Ministro degli Affari Esteri della Repubblica Italiana, Sig. Luigi Di Maio, hanno avuto un colloquio telefonico in data 9 novembre 2021. Nel corso del colloquio, i due Ministri hanno richiamato con favore lo stato eccellente delle relazioni tra il Marocco e [&hellip;]","protected":false},"author":6,"featured_media":0,"comment_status":"closed","ping_status":"closed","sticky":false,"template":"","format":"standard","meta":{"footnotes":""},"categories":[1],"tags":[31,76],"class_list":["post-62949","post","type-post","status-publish","format-standard","hentry","category-comunicati","tag-africa","tag-ministri-precedenti"],"_links":{"self":[{"href":"https:\/\/www.esteri.it\/it\/wp-json\/wp\/v2\/posts\/62949","targetHints":{"allow":["GET"]}}],"collection":[{"href":"https:\/\/www.esteri.it\/it\/wp-json\/wp\/v2\/posts"}],"about":[{"href":"https:\/\/www.esteri.it\/it\/wp-json\/wp\/v2\/types\/post"}],"author":[{"embeddable":true,"href":"https:\/\/www.esteri.it\/it\/wp-json\/wp\/v2\/users\/6"}],"replies":[{"embeddable":true,"href":"https:\/\/www.esteri.it\/it\/wp-json\/wp\/v2\/comments?post=62949"}],"version-history":[{"count":4,"href":"https:\/\/www.esteri.it\/it\/wp-json\/wp\/v2\/posts\/62949\/revisions"}],"predecessor-version":[{"id":63188,"href":"https:\/\/www.esteri.it\/it\/wp-json\/wp\/v2\/posts\/62949\/revisions\/63188"}],"wp:attachment":[{"href":"https:\/\/www.esteri.it\/it\/wp-json\/wp\/v2\/media?parent=62949"}],"wp:term":[{"taxonomy":"category","embeddable":true,"href":"https:\/\/www.esteri.it\/it\/wp-json\/wp\/v2\/categories?post=62949"},{"taxonomy":"post_tag","embeddable":true,"href":"https:\/\/www.esteri.it\/it\/wp-json\/wp\/v2\/tags?post=62949"}],"curies":[{"name":"wp","href":"https:\/\/api.w.org\/{rel}","templated":true}]}}