{"id":6837,"date":"2014-03-28T17:28:31","date_gmt":"2014-03-28T16:28:31","guid":{"rendered":"https:\/\/www.esteri.it\/sala_stampa\/archivionotizie\/comunicati\/2014\/03\/20140328_cooperazioneitalianaexpo\/"},"modified":"2025-03-31T20:18:54","modified_gmt":"2025-03-31T18:18:54","slug":"20140328_cooperazioneitalianaexpo","status":"publish","type":"post","link":"https:\/\/www.esteri.it\/it\/sala_stampa\/archivionotizie\/comunicati\/2014\/03\/20140328_cooperazioneitalianaexpo\/","title":{"rendered":"La Cooperazione Italiana a EXPO Milano 2015"},"content":{"rendered":"<p><P>Il ruolo della Cooperazione Italiana a EXPO Milano 2015, i temi prioritari, i messaggi e le prime ipotesi di attivit\u00e0 da realizzare nell\u2019ambito della manifestazione, questi gli argomenti affrontati oggi a Roma, al Ministero degli Esteri, durante una giornata di lavoro cui hanno partecipato il Vice Ministro Lapo Pistelli, il Commissario per le Nazioni Unite per EXPO, Rojas Briales, rappresentanti della Commissione Europea, della Societ\u00e0 EXPO e il Sindaco di Torino Fassino, in qualit\u00e0 di Presidente dell\u2019ANCI. L\u2019evento ha anche coinvolto i diversi attori del Sistema-Italia di cooperazione: Ong, settore privato, movimento cooperativo e della finanza etica, rappresentanti delle universit\u00e0 italiane e ricercatori nel campo della nutrizione e della sicurezza alimentare.<\/P><br \/>\n<P>\u201cC\u2019\u00e8 una strettissima interrelazione tra l\u2019Expo di Milano e i negoziati a livello globale in corso sulla definizione della nuova agenda dello sviluppo post-2015\u201d ha sottolineatoil Vice Ministro Pistelli nel suo intervento di apertura. \u201cEXPO costituir\u00e0 una straordinaria occasione per diffondere un grande messaggio ben al di l\u00e0 dello spazio in cui si svolger\u00e0 l\u2019evento\u201d. <\/P><\/p>\n","protected":false},"excerpt":{"rendered":"Il ruolo della Cooperazione Italiana a EXPO Milano 2015, i temi prioritari, i messaggi e le prime ipotesi di attivit\u00e0 da realizzare nell\u2019ambito della manifestazione, questi gli argomenti affrontati oggi a Roma, al Ministero degli Esteri, durante una giornata di lavoro cui hanno partecipato il Vice Ministro Lapo Pistelli, il Commissario per le Nazioni Unite [&hellip;]","protected":false},"author":1,"featured_media":0,"comment_status":"closed","ping_status":"closed","sticky":false,"template":"","format":"standard","meta":{"footnotes":""},"categories":[1],"tags":[29,58],"class_list":["post-6837","post","type-post","status-publish","format-standard","hentry","category-comunicati","tag-cooperazione-sviluppo","tag-promozione-integrata"],"_links":{"self":[{"href":"https:\/\/www.esteri.it\/it\/wp-json\/wp\/v2\/posts\/6837","targetHints":{"allow":["GET"]}}],"collection":[{"href":"https:\/\/www.esteri.it\/it\/wp-json\/wp\/v2\/posts"}],"about":[{"href":"https:\/\/www.esteri.it\/it\/wp-json\/wp\/v2\/types\/post"}],"author":[{"embeddable":true,"href":"https:\/\/www.esteri.it\/it\/wp-json\/wp\/v2\/users\/1"}],"replies":[{"embeddable":true,"href":"https:\/\/www.esteri.it\/it\/wp-json\/wp\/v2\/comments?post=6837"}],"version-history":[{"count":1,"href":"https:\/\/www.esteri.it\/it\/wp-json\/wp\/v2\/posts\/6837\/revisions"}],"predecessor-version":[{"id":134266,"href":"https:\/\/www.esteri.it\/it\/wp-json\/wp\/v2\/posts\/6837\/revisions\/134266"}],"wp:attachment":[{"href":"https:\/\/www.esteri.it\/it\/wp-json\/wp\/v2\/media?parent=6837"}],"wp:term":[{"taxonomy":"category","embeddable":true,"href":"https:\/\/www.esteri.it\/it\/wp-json\/wp\/v2\/categories?post=6837"},{"taxonomy":"post_tag","embeddable":true,"href":"https:\/\/www.esteri.it\/it\/wp-json\/wp\/v2\/tags?post=6837"}],"curies":[{"name":"wp","href":"https:\/\/api.w.org\/{rel}","templated":true}]}}