{"id":71262,"date":"2022-02-01T12:10:56","date_gmt":"2022-02-01T11:10:56","guid":{"rendered":"https:\/\/www.esteri.it\/?p=71262"},"modified":"2022-02-01T12:14:23","modified_gmt":"2022-02-01T11:14:23","slug":"nuovo-strumento-di-tutela-per-gli-italiani-allestero","status":"publish","type":"post","link":"https:\/\/www.esteri.it\/it\/sala_stampa\/archivionotizie\/comunicati\/2022\/02\/nuovo-strumento-di-tutela-per-gli-italiani-allestero\/","title":{"rendered":"Nuovo strumento di tutela per gli italiani all&#8217;estero"},"content":{"rendered":"<div dir=\"ltr\">\n<p>Da oggi per gli italiani all\u2019estero, lavoratori e studenti, viaggiatori e cooperanti, residenti o temporanei, la Farnesina offre un nuovo strumento di tutela. Sul sito\u00a0<a href=\"https:\/\/www.dovesiamonelmondo.it\/home.html\">www.dovesiamonelmondo.it<\/a>\u00a0ogni cittadino potr\u00e0 registrare su una mappa la propria abitazione, per facilitare gli interventi in caso di necessit\u00e0. \u201cSi tratta \u2013 ha sottolineato il Segretario Generale, Amb. Ettore Francesco Sequi \u2013 di un nuovo strumento con cui il Ministero degli Esteri conferma la propria volont\u00e0 di porsi al servizio dei cittadini, sfruttando le opportunit\u00e0 offerte dalla transizione digitale: l\u2019innovazione continua a essere uno degli assi portanti della nostra azione\u201d.<\/p>\n<\/div>\n<div dir=\"ltr\">Andando nella sezione per la registrazione dei singoli cittadini si potr\u00e0 facilmente registrare il proprio indirizzo ed un contatto d\u2019emergenza. L\u2019Unit\u00e0 di Crisi e la rete diplomatica e consolare potranno cos\u00ec reagire con maggiore efficacia caso per caso, utilizzando ogni volta i canali disponibili secondo le possibilit\u00e0 del momento.<\/div>\n<div dir=\"ltr\">Il servizio sar\u00e0 presto accessibile anche dalla APP \u201cUnit\u00e0 di Crisi\u201d, disponibile per Android e iPhone, che facilita la consultazione del sito\u00a0<a href=\"http:\/\/www.viaggiaresicuri.it\/\" target=\"_blank\" rel=\"noopener\" data-saferedirecturl=\"https:\/\/www.google.com\/url?q=http:\/\/www.viaggiaresicuri.it&amp;source=gmail&amp;ust=1643800183020000&amp;usg=AOvVaw18P_Pg3jH9MsTuwOb024jr\">www.viaggiaresicuri.it<\/a>\u00a0e consente di segnalare la propria posizione con il GPS del telefono in situazioni d\u2019emergenza.<\/div>\n","protected":false},"excerpt":{"rendered":"Da oggi per gli italiani all\u2019estero, lavoratori e studenti, viaggiatori e cooperanti, residenti o temporanei, la Farnesina offre un nuovo strumento di tutela. Sul sito\u00a0www.dovesiamonelmondo.it\u00a0ogni cittadino potr\u00e0 registrare su una mappa la propria abitazione, per facilitare gli interventi in caso di necessit\u00e0. \u201cSi tratta \u2013 ha sottolineato il Segretario Generale, Amb. Ettore Francesco Sequi \u2013 [&hellip;]","protected":false},"author":3,"featured_media":0,"comment_status":"closed","ping_status":"closed","sticky":false,"template":"","format":"standard","meta":{"footnotes":""},"categories":[1],"tags":[25,7],"class_list":["post-71262","post","type-post","status-publish","format-standard","hentry","category-comunicati","tag-farnesina","tag-italiani-nel-mondo"],"_links":{"self":[{"href":"https:\/\/www.esteri.it\/it\/wp-json\/wp\/v2\/posts\/71262","targetHints":{"allow":["GET"]}}],"collection":[{"href":"https:\/\/www.esteri.it\/it\/wp-json\/wp\/v2\/posts"}],"about":[{"href":"https:\/\/www.esteri.it\/it\/wp-json\/wp\/v2\/types\/post"}],"author":[{"embeddable":true,"href":"https:\/\/www.esteri.it\/it\/wp-json\/wp\/v2\/users\/3"}],"replies":[{"embeddable":true,"href":"https:\/\/www.esteri.it\/it\/wp-json\/wp\/v2\/comments?post=71262"}],"version-history":[{"count":2,"href":"https:\/\/www.esteri.it\/it\/wp-json\/wp\/v2\/posts\/71262\/revisions"}],"predecessor-version":[{"id":71271,"href":"https:\/\/www.esteri.it\/it\/wp-json\/wp\/v2\/posts\/71262\/revisions\/71271"}],"wp:attachment":[{"href":"https:\/\/www.esteri.it\/it\/wp-json\/wp\/v2\/media?parent=71262"}],"wp:term":[{"taxonomy":"category","embeddable":true,"href":"https:\/\/www.esteri.it\/it\/wp-json\/wp\/v2\/categories?post=71262"},{"taxonomy":"post_tag","embeddable":true,"href":"https:\/\/www.esteri.it\/it\/wp-json\/wp\/v2\/tags?post=71262"}],"curies":[{"name":"wp","href":"https:\/\/api.w.org\/{rel}","templated":true}]}}