{"id":71858,"date":"2022-02-09T15:33:35","date_gmt":"2022-02-09T14:33:35","guid":{"rendered":"https:\/\/www.esteri.it\/?p=71858"},"modified":"2022-02-09T15:33:35","modified_gmt":"2022-02-09T14:33:35","slug":"minori-contesi-task-force-riunita-alla-farnesina","status":"publish","type":"post","link":"https:\/\/www.esteri.it\/it\/sala_stampa\/archivionotizie\/comunicati\/2022\/02\/minori-contesi-task-force-riunita-alla-farnesina\/","title":{"rendered":"Minori Contesi: Task Force riunita alla Farnesina"},"content":{"rendered":"<p>La Task Force Minori Contesi, presieduta dalla Direzione Generale per gli Italiani all\u2019Estero con la partecipazione di rappresentanti dei Ministeri della Giustizia e dell\u2019Interno, ha tenuto oggi alla Farnesina la sua prima riunione del 2022.<u><\/u><u><\/u><\/p>\n<p>La Task Force ha esaminato i 514 casi di sottrazione internazionale e di minori contesi registrati al dicembre 2021. Si \u00e8 concentrata principalmente su alcune vicende di particolare gravit\u00e0 che la Farnesina sta trattando, identificando le strategie e le modalit\u00e0 di intervento pi\u00f9 efficaci per risolverle.<u><\/u><u><\/u><\/p>\n<p>Il fenomeno dei minori contesi continua a essere diffuso soprattutto in Europa (308 casi trattati al 2021), mentre pi\u00f9 limitati sono i casi che riguardano le Americhe (92), il Mediterraneo e il Medio Oriente (65), l\u2019Asia e il Pacifico (35) e l\u2019Africa Sub-sahariana (14).<\/p>\n","protected":false},"excerpt":{"rendered":"La Task Force Minori Contesi, presieduta dalla Direzione Generale per gli Italiani all\u2019Estero con la partecipazione di rappresentanti dei Ministeri della Giustizia e dell\u2019Interno, ha tenuto oggi alla Farnesina la sua prima riunione del 2022. La Task Force ha esaminato i 514 casi di sottrazione internazionale e di minori contesi registrati al dicembre 2021. Si [&hellip;]","protected":false},"author":3,"featured_media":0,"comment_status":"closed","ping_status":"closed","sticky":false,"template":"","format":"standard","meta":{"footnotes":""},"categories":[1],"tags":[25,50],"class_list":["post-71858","post","type-post","status-publish","format-standard","hentry","category-comunicati","tag-farnesina","tag-flussi-migratori"],"_links":{"self":[{"href":"https:\/\/www.esteri.it\/it\/wp-json\/wp\/v2\/posts\/71858","targetHints":{"allow":["GET"]}}],"collection":[{"href":"https:\/\/www.esteri.it\/it\/wp-json\/wp\/v2\/posts"}],"about":[{"href":"https:\/\/www.esteri.it\/it\/wp-json\/wp\/v2\/types\/post"}],"author":[{"embeddable":true,"href":"https:\/\/www.esteri.it\/it\/wp-json\/wp\/v2\/users\/3"}],"replies":[{"embeddable":true,"href":"https:\/\/www.esteri.it\/it\/wp-json\/wp\/v2\/comments?post=71858"}],"version-history":[{"count":1,"href":"https:\/\/www.esteri.it\/it\/wp-json\/wp\/v2\/posts\/71858\/revisions"}],"predecessor-version":[{"id":71859,"href":"https:\/\/www.esteri.it\/it\/wp-json\/wp\/v2\/posts\/71858\/revisions\/71859"}],"wp:attachment":[{"href":"https:\/\/www.esteri.it\/it\/wp-json\/wp\/v2\/media?parent=71858"}],"wp:term":[{"taxonomy":"category","embeddable":true,"href":"https:\/\/www.esteri.it\/it\/wp-json\/wp\/v2\/categories?post=71858"},{"taxonomy":"post_tag","embeddable":true,"href":"https:\/\/www.esteri.it\/it\/wp-json\/wp\/v2\/tags?post=71858"}],"curies":[{"name":"wp","href":"https:\/\/api.w.org\/{rel}","templated":true}]}}