{"id":74162,"date":"2022-03-12T09:26:35","date_gmt":"2022-03-12T08:26:35","guid":{"rendered":"https:\/\/www.esteri.it\/?p=74162"},"modified":"2022-03-12T09:26:35","modified_gmt":"2022-03-12T08:26:35","slug":"luigi-di-maio-onu-in-campo-per-la-tregua-umanitaria-laja-indaghi-sui-crimini-di-guerra-la-stampa","status":"publish","type":"post","link":"https:\/\/www.esteri.it\/it\/sala_stampa\/archivionotizie\/interviste\/2022\/03\/luigi-di-maio-onu-in-campo-per-la-tregua-umanitaria-laja-indaghi-sui-crimini-di-guerra-la-stampa\/","title":{"rendered":"Luigi Di Maio \u201cONU in campo per la tregua umanitaria. L\u2019Aja indaghi sui crimini di guerra\u201d (La Stampa)"},"content":{"rendered":"<p>Davanti agli attacchi sempre pi\u00f9 cruenti sulle citt\u00e0 ucraine, davanti ai civili che continuano a morire, Luigi Di Maio dice: \u00abServe subito una tregua umanitaria sotto l&#8217;egida dell&#8217;Onu per mettere in salvo pi\u00f9 persone possibili. Non una pausa di dieci ore, non in orario d&#8217;ufficio: servono giorni\u00bb. Il ministro degli Esteri si collega dalla Farnesina al ritorno dalla Turchia e subito prima di partire per il Congo con l&#8217;ad Eni Claudio Descalzi, con cui il giorno dopo sar\u00e0 in Angola: viaggi che servono ad aggiungere quote di energia a quelle che arriveranno da Qatar, Algeria, Libia. La questione energetica \u00e8 stata al centro del vertice di Versailles.<\/p>\n<p><strong>Cosa \u00e8 stato deciso?<\/strong><\/p>\n<p>\u00abIl progetto che il presidente del Consiglio Mario Draghi ha portato alla Commissione europea prevede di stabilire un tetto massimo al prezzo del gas, su cui non dovr\u00e0 pi\u00f9 incidere il costo dell&#8217;energia prodotta da fonti rinnovabili. Questo avr\u00e0 anche un valore sanzionatorio nei confronti della Russia: gli introiti per finanziare questa guerra saranno sempre pi\u00f9 bassi\u00bb.<\/p>\n<p><strong>Esclude si possa arrivare al bando del gas russo?<\/strong><\/p>\n<p>\u00abDa parte nostra non ci sono stati veti. La presidente von der Leyen ha parlato di un quarto pacchetto di sanzioni e non escludiamo niente. Nel frattempo, lavoriamo alla diversificazione energetica che ci permette di abbassare i prezzi. In breve tempo saremo in grado, con la dovuta prudenza, di superare le criticit\u00e0 della rigassificazione italiana\u00bb.<\/p>\n<p><strong>Tornando indietro sulla transizione energetica?<\/strong><\/p>\n<p>\u00abStiamo provando a sbloccare pi\u00f9 rinnovabili con le autorizzazioni sull&#8217;eolico. Nel frattempo dobbiamo sfruttare al meglio la produzione di gas nazionale e abbiamo dovuto riavviare alcune centrali a carbone, ma solo per l&#8217;emergenza. Bisogna compensare 29 miliardi di metri cubi che vengono dalla Russia. In due mesi saremo in grado di recuperarne la met\u00e0. Sono ottimista sulla possibilit\u00e0 di andare oltre\u00bb.<\/p>\n<p><strong>Serve una forzatura per consentire l&#8217;ingresso dell&#8217;Ucraina in Europa?<\/strong><\/p>\n<p>\u00abEviterei la parola forzatura. Ci sono Paesi che aspettano da 10 anni come nei Balcani occidentali. Il tema dell&#8217;Ucraina va per\u00f2 affrontato, nel rispetto dei trattati, con la massima velocit\u00e0. L\u2019Italia \u00e8 pronta a sostenerlo con forza. Torno dalla Turchia, dove al tavolo di mediazione sono arrivate due novit\u00e0 importanti: i ministri degli Esteri russo e ucraino sono disponibili a rivedersi e Putin \u00e8 disponibile a incontrare Zelensky. L&#8217;incontro deve essere preparato, ma per la prima volta si intravede la possibilit\u00e0 di arrivare a dei punti di mediazione. L&#8217;ingresso nell&#8217;Unione europea non deve apparire come un elemento di divisione a quel tavolo, ma deve essere chiaro che l&#8217;Ue \u00e8 pronta ad accogliere l&#8217;Ucraina e che le ambizioni del suo presidente e del suo popolo sono pi\u00f9 che legittime\u00bb.<\/p>\n<p><strong>La Russia continua a chiedere come prima condizione la &#8220;neutralit\u00e0&#8221; del Paese.<\/strong><\/p>\n<p>\u00abSe si dovesse arrivare a quel punto di caduta servir\u00e0 un accordo internazionale con dei garanti. Mentre il tema territoriale del Donbass e della Crimea va affrontato con meccanismi diversi\u00bb.<\/p>\n<p><strong>Non crede che dal vertice di Versailles sia venuto fuori un messaggio debole?<\/strong><\/p>\n<p>\u00abQuando si commissiona un approfondimento su difesa comune e indebitamento comune per finanziarla, si d\u00e0 mandato alla commissione di affrontare il tema del gas nel breve e nel medio termine, si decide di finanziare nuovi investimenti attraverso la deroga sul patto di stabilit\u00e0, si pongono le basi per decisioni che potrebbero arrivare gi\u00e0 nel prossimo Consiglio europeo. Abbiamo impiegato 4 mesi con Next generation Eu. \u00c8 molto diverso, non voglio fare paragoni, dobbiamo solo lavorare perch\u00e9 i tempi siano pi\u00f9 brevi. Ma mai come in questo momento l&#8217;Unione \u00e8 stata compatta. La rapidit\u00e0 dell&#8217;applicazione della direttiva sulla protezione temporanea \u00e8 un fatto storico che va incontro al bisogno dei Paesi al confine\u00bb.<\/p>\n<p><strong>Si parla di un colloquio a tre tra Scholz, Macron e Putin. L&#8217;Italia \u00e8 rimasta indietro nella diplomazia?<\/strong><\/p>\n<p>\u00abNon si scambi il lavoro assiduo e riservato per scarsa attivit\u00e0. Draghi sta sentendo di continuo tutte le controparti europee e i capi di Stato, compreso Zelensky. L&#8217;Italia lavora in stretto coordinamento con la Nato, l&#8217;Ue e le Nazioni Unite. Siamo stati i promotori della votazione sulla condanna alla Russia che \u00e8 andata oltre ogni aspettativa al Palazzo di vetro. Negli ultimi giorni ho avuto importati interlocuzioni con i ministri indiano, israeliano, cinese, turco. Stiamo provando a incoraggiare iniziative come quella che abbiamo visto ad Antalya, ma abbiamo bisogno di mettere subito in piedi un tavolo per la tregua umanitaria coinvolgendo Nazioni Unite, Croce rossa e Unhcr che sul campo stanno provando a negoziare i cessate il fuoco nelle singole citt\u00e0 con enormi difficolt\u00e0. Luned\u00ec sar\u00f2 in Moldavia a portare 8 milioni di beni della nostra cooperazione allo Sviluppo a uno dei Paesi al confine che sta subendo pi\u00f9 flussi ed \u00e8 pi\u00f9 in difficolt\u00e0. Poi andr\u00f2 in Romania\u00bb.<\/p>\n<p><strong>Oggi ha visto il segretario generale della Nato Stoltenberg.<\/strong><\/p>\n<p>\u00abAbbiamo ribadito l&#8217;impossibilit\u00e0 di stabilire una no fly zone e di fornire jet di combattimento all&#8217;Ucraina da Polonia o Slovacchia. Si rischia di allargare il conflitto, la conseguenza sarebbe una guerra mondiale\u00bb. \u00c8 quello che oggi ha detto Joe Biden.<\/p>\n<p><strong>L&#8217;America sta facendo abbastanza?<\/strong><\/p>\n<p>\u00abNon vedere gli Stati Uniti attivi mediaticamente non significa che non lo siano dal punto di vista diplomatico\u00bb.<\/p>\n<p><strong>E la Cina?<\/strong><\/p>\n<p>\u00abNon condivide i combattimenti, dicono di essere disposti a facilitare un percorso di pace, chiedono il cessate il fuoco. Non dimentichiamo le differenze, ma dobbiamo incoraggiarla a mediare tra le parti\u00bb<\/p>\n<p><strong>Draghi ha detto: \u00abPutin non vuole la pace\u00bb.<\/strong><\/p>\n<p>\u00abLe ultime ore ci fanno essere pi\u00f9 pessimisti. Per evitare l&#8217;escalation dobbiamo indebolire pesantemente Putin con le sanzioni. Non \u00e8 vero che non stanno funzionando. Pagare solo in rubli significa che il default praticamente \u00e8 gi\u00e0 avvenuto. La borsa resta chiusa, Jp Morgan ha previsto un calo del Pil a doppia cifra nel 2022. Pi\u00f9 indeboliremo l&#8217;economia russa, meno Putin avr\u00e0 la possibilit\u00e0 di finanziare questa guerra. Non voglio apparire staccato dalla realt\u00e0 rispetto a quel che accade, ma la diplomazia \u00e8 l&#8217;unico modo per impedire che il conflitto dilaghi. Non \u00e8 un caso se ai confini dei Paesi Nato ci sono maggiori truppe, pi\u00f9 aerei. Facciamo deterrenza, non entriamo nel conflitto, ma facciamo di tutto per non permettere che si allarghi. Adesso sta a Putin dimostrare di volere la pace\u00bb.<\/p>\n<p><strong>\u00c8 vero che aveva sconsigliato a Salvini di andare in Polonia?<\/strong><\/p>\n<p>\u00abNon abbiamo sconsigliato a nessuno di andare in Polonia. Ognuno \u00e8 libero di agire come crede e risponde delle proprie azioni. Ho ringraziato pubblicamente il sindaco Nardella per l&#8217;iniziativa delle citt\u00e0 per la pace. Credo che come Paese in questo momento dobbiamo continuare a sostenere l&#8217;indebolimento di Vladimir Putin. Se continua cos\u00ec condanna il suo popolo alla morte economica e quel popolo lo abbandoner\u00e0. I tempi della diplomazia non sono i tempi delle bombe, noi dobbiamo tenere in pace il nostro popolo. Non \u00e8 vero che siamo in guerra. E proprio perch\u00e9 non lo siamo possiamo mettere al riparo i cittadini ucraini\u00bb.<\/p>\n<p><strong>Crede che la Russia stia commettendo crimini di guerra?<\/strong><\/p>\n<p>\u00abAbbiamo presentato una procedura alla Corte internazionale dell&#8217;Aja per verificare l&#8217;esistenza di crimini di guerra. Dobbiamo fare tutto il lavoro che serve per arrivare a certificare cosa sta succedendo sul campo. Quello che sto vedendo fare all&#8217;esercito russo attraverso tutte le fonti aperte e chiuse che abbiamo sono attacchi brutali, disumani, a civili indifesi e questo \u00e8 inaccettabile\u00bb.<\/p>\n<p><strong>Il Parlamento italiano potrebbe collegarsi col presidente ucraino Zelensky. Qualcuno del suo partito politico, il movimento 5 stelle, contesta questa scelta.<\/strong><\/p>\n<p>\u00abLa linea del Movimento in politica estera \u00e8 stata ribadita da Giuseppe Conte. Per me Zelensky si sta dimostrando un eroe mondiale. Merita assolutamente di essere ascoltato anche se c&#8217;\u00e8 la possibilit\u00e0 che chieda cose che non siamo disponibili a fare, come la no fly zone. Sostengo quest&#8217;iniziativa che sar\u00e0 anche un modo per dimostrare solidariet\u00e0 a tutto il popolo ucraino e ringrazio il presidente della Camera Roberto Fico per averla messa in moto\u00bb.<\/p>\n<p><strong>C&#8217;\u00e8 il rischio di un&#8217;escalation nucleare?<\/strong><\/p>\n<p>\u00abLavoriamo per evitare che la Nato entri nel conflitto proprio per evitarlo. Servono la massima cautela e prudenza. Gli attacchi alle centrali nucleari per\u00f2 sono inquietanti e fanno parte di una strategia di Putin. Ma a rischio non sono solo Ucraina, Unione europea, Bielorussia. \u00c8 a rischio anche il popolo russo. Nelle prossime ore sentir\u00f2 il direttore dell&#8217;Aiea. Dobbiamo fare in modo che i suoi uomini possano avere accesso immediato agli impianti, perch\u00e9 in alcuni casi hanno smesso di trasmettere dati\u00bb.<\/p>\n","protected":false},"excerpt":{"rendered":"Davanti agli attacchi sempre pi\u00f9 cruenti sulle citt\u00e0 ucraine, davanti ai civili che continuano a morire, Luigi Di Maio dice: \u00abServe subito una tregua umanitaria sotto l&#8217;egida dell&#8217;Onu per mettere in salvo pi\u00f9 persone possibili. Non una pausa di dieci ore, non in orario d&#8217;ufficio: servono giorni\u00bb. Il ministro degli Esteri si collega dalla Farnesina [&hellip;]","protected":false},"author":5,"featured_media":0,"comment_status":"closed","ping_status":"closed","sticky":false,"template":"","format":"standard","meta":{"footnotes":""},"categories":[23],"tags":[76,26],"class_list":["post-74162","post","type-post","status-publish","format-standard","hentry","category-interviste","tag-ministri-precedenti","tag-onu"],"_links":{"self":[{"href":"https:\/\/www.esteri.it\/it\/wp-json\/wp\/v2\/posts\/74162","targetHints":{"allow":["GET"]}}],"collection":[{"href":"https:\/\/www.esteri.it\/it\/wp-json\/wp\/v2\/posts"}],"about":[{"href":"https:\/\/www.esteri.it\/it\/wp-json\/wp\/v2\/types\/post"}],"author":[{"embeddable":true,"href":"https:\/\/www.esteri.it\/it\/wp-json\/wp\/v2\/users\/5"}],"replies":[{"embeddable":true,"href":"https:\/\/www.esteri.it\/it\/wp-json\/wp\/v2\/comments?post=74162"}],"version-history":[{"count":1,"href":"https:\/\/www.esteri.it\/it\/wp-json\/wp\/v2\/posts\/74162\/revisions"}],"predecessor-version":[{"id":74163,"href":"https:\/\/www.esteri.it\/it\/wp-json\/wp\/v2\/posts\/74162\/revisions\/74163"}],"wp:attachment":[{"href":"https:\/\/www.esteri.it\/it\/wp-json\/wp\/v2\/media?parent=74162"}],"wp:term":[{"taxonomy":"category","embeddable":true,"href":"https:\/\/www.esteri.it\/it\/wp-json\/wp\/v2\/categories?post=74162"},{"taxonomy":"post_tag","embeddable":true,"href":"https:\/\/www.esteri.it\/it\/wp-json\/wp\/v2\/tags?post=74162"}],"curies":[{"name":"wp","href":"https:\/\/api.w.org\/{rel}","templated":true}]}}