{"id":76471,"date":"2022-04-08T12:37:15","date_gmt":"2022-04-08T10:37:15","guid":{"rendered":"https:\/\/www.esteri.it\/?p=76471"},"modified":"2022-04-11T13:41:07","modified_gmt":"2022-04-11T11:41:07","slug":"seminario-sulle-neuroscienze-a-tokyo","status":"publish","type":"post","link":"https:\/\/www.esteri.it\/it\/sala_stampa\/archivionotizie\/retediplomatica\/2022\/04\/seminario-sulle-neuroscienze-a-tokyo\/","title":{"rendered":"Seminario sulle neuroscienze a Tokyo"},"content":{"rendered":"<p style=\"font-weight: 400;\">In occasione della Giornata della Ricerca Italiana nel Mondo 2022, l\u2019Istituto Italiano di Cultura di Tokyo ospiter\u00e0, il prossimo 22 aprile, un seminario dal titolo &#8220;Cervelli italiani in Giappone: Ricercatori italiani che studiano le neuroscienze in Giappone&#8221;. L\u2019evento sar\u00e0 introdotto dall\u2019Ambasciatore italiano, Gianluigi Benedetti.<\/p>\n<p style=\"font-weight: 400;\">Al seminario, organizzato in collaborazione con l&#8217;Associazione dei Ricercatori Italiani in Giappone (Association of the Italian Researchers in Japan &#8211; AIRJ), parteciperanno ricercatori italiani impegnati nello studio delle neuroscienze che lavorano nel Paese asiatico e che avranno l\u2019opportunit\u00e0 di illustrare innovative attivit\u00e0 di ricerca. Questo evento \u00e8 anche parte dell&#8217;iniziativa &#8220;Italian Samurai&#8221;, anch&#8217;essa realizzata in collaborazione con AIRJ.<\/p>\n<p style=\"font-weight: 400;\">\n","protected":false},"excerpt":{"rendered":"In occasione della Giornata della Ricerca Italiana nel Mondo 2022, l\u2019Istituto Italiano di Cultura di Tokyo ospiter\u00e0, il prossimo 22 aprile, un seminario dal titolo &#8220;Cervelli italiani in Giappone: Ricercatori italiani che studiano le neuroscienze in Giappone&#8221;. L\u2019evento sar\u00e0 introdotto dall\u2019Ambasciatore italiano, Gianluigi Benedetti. Al seminario, organizzato in collaborazione con l&#8217;Associazione dei Ricercatori Italiani in [&hellip;]","protected":false},"author":3,"featured_media":76472,"comment_status":"closed","ping_status":"closed","sticky":false,"template":"","format":"standard","meta":{"footnotes":""},"categories":[20],"tags":[45,35,311],"class_list":["post-76471","post","type-post","status-publish","format-standard","has-post-thumbnail","hentry","category-retediplomatica","tag-asia-e-oceania","tag-diplomazia-scientifica","tag-giornata-della-ricerca-italiana-nel-mondo"],"_links":{"self":[{"href":"https:\/\/www.esteri.it\/it\/wp-json\/wp\/v2\/posts\/76471","targetHints":{"allow":["GET"]}}],"collection":[{"href":"https:\/\/www.esteri.it\/it\/wp-json\/wp\/v2\/posts"}],"about":[{"href":"https:\/\/www.esteri.it\/it\/wp-json\/wp\/v2\/types\/post"}],"author":[{"embeddable":true,"href":"https:\/\/www.esteri.it\/it\/wp-json\/wp\/v2\/users\/3"}],"replies":[{"embeddable":true,"href":"https:\/\/www.esteri.it\/it\/wp-json\/wp\/v2\/comments?post=76471"}],"version-history":[{"count":1,"href":"https:\/\/www.esteri.it\/it\/wp-json\/wp\/v2\/posts\/76471\/revisions"}],"predecessor-version":[{"id":76474,"href":"https:\/\/www.esteri.it\/it\/wp-json\/wp\/v2\/posts\/76471\/revisions\/76474"}],"wp:featuredmedia":[{"embeddable":true,"href":"https:\/\/www.esteri.it\/it\/wp-json\/wp\/v2\/media\/76472"}],"wp:attachment":[{"href":"https:\/\/www.esteri.it\/it\/wp-json\/wp\/v2\/media?parent=76471"}],"wp:term":[{"taxonomy":"category","embeddable":true,"href":"https:\/\/www.esteri.it\/it\/wp-json\/wp\/v2\/categories?post=76471"},{"taxonomy":"post_tag","embeddable":true,"href":"https:\/\/www.esteri.it\/it\/wp-json\/wp\/v2\/tags?post=76471"}],"curies":[{"name":"wp","href":"https:\/\/api.w.org\/{rel}","templated":true}]}}