{"id":78196,"date":"2022-05-10T15:57:06","date_gmt":"2022-05-10T13:57:06","guid":{"rendered":"https:\/\/www.esteri.it\/?p=78196"},"modified":"2022-05-11T12:15:24","modified_gmt":"2022-05-11T10:15:24","slug":"lina-bo-bardi-dal-vetro-al-fango","status":"publish","type":"post","link":"https:\/\/www.esteri.it\/it\/sala_stampa\/archivionotizie\/retediplomatica\/2022\/05\/lina-bo-bardi-dal-vetro-al-fango\/","title":{"rendered":"Lina Bo Bardi, dal vetro al fango"},"content":{"rendered":"<p style=\"font-weight: 400;\">Mercoled\u00ec 11 maggio l\u2019IIC di Barcellona ospiter\u00e0 la proiezione del documentario \u201cLina Bo Bardi, dal vetro al fango\u201d, sulle opere della celebre architetta italiana, per la regia di Josep M\u00ba Montaner e Jacobo Sucari.<\/p>\n<p style=\"font-weight: 400;\">Il documentario \u00e8 stato prodotto da Asociaci\u00f3n Multimedia de Acciones Culturales con il sostegno dell\u2019IIC di Barcellona e l\u2019Istituto Bo Bardi di San Paolo.<\/p>\n<p style=\"font-weight: 400;\">Architetta e designer italiana naturalizzata brasiliana, Lina Bo Bardi ha studiato alla Facolt\u00e0 di Architettura dell\u2019Universit\u00e0 di Roma negli anni \u201830. Dopo la laurea si \u00e8 trasferita a Milano, dove ha lavorato per Gi\u00f2 Ponti, editore della rivista Quaderni di Domus, di cui \u00e8 diventata redattrice. Fonda il proprio studio a Milano che fu per\u00f2 distrutto nel 1943 a seguito di un bombardamento aereo. Conosce Bruno Zevi, con il quale fonda il settimanale A-Cultura della Vita. Nel 1946, dopo la guerra, sposa il giornalista Pietro Maria Bardi.<\/p>\n","protected":false},"excerpt":{"rendered":"Mercoled\u00ec 11 maggio l\u2019IIC di Barcellona ospiter\u00e0 la proiezione del documentario \u201cLina Bo Bardi, dal vetro al fango\u201d, sulle opere della celebre architetta italiana, per la regia di Josep M\u00ba Montaner e Jacobo Sucari. Il documentario \u00e8 stato prodotto da Asociaci\u00f3n Multimedia de Acciones Culturales con il sostegno dell\u2019IIC di Barcellona e l\u2019Istituto Bo Bardi [&hellip;]","protected":false},"author":3,"featured_media":78197,"comment_status":"closed","ping_status":"closed","sticky":false,"template":"","format":"standard","meta":{"footnotes":""},"categories":[20],"tags":[32,9],"class_list":["post-78196","post","type-post","status-publish","format-standard","has-post-thumbnail","hentry","category-retediplomatica","tag-diplomazia-culturale","tag-europa"],"_links":{"self":[{"href":"https:\/\/www.esteri.it\/it\/wp-json\/wp\/v2\/posts\/78196","targetHints":{"allow":["GET"]}}],"collection":[{"href":"https:\/\/www.esteri.it\/it\/wp-json\/wp\/v2\/posts"}],"about":[{"href":"https:\/\/www.esteri.it\/it\/wp-json\/wp\/v2\/types\/post"}],"author":[{"embeddable":true,"href":"https:\/\/www.esteri.it\/it\/wp-json\/wp\/v2\/users\/3"}],"replies":[{"embeddable":true,"href":"https:\/\/www.esteri.it\/it\/wp-json\/wp\/v2\/comments?post=78196"}],"version-history":[{"count":1,"href":"https:\/\/www.esteri.it\/it\/wp-json\/wp\/v2\/posts\/78196\/revisions"}],"predecessor-version":[{"id":78201,"href":"https:\/\/www.esteri.it\/it\/wp-json\/wp\/v2\/posts\/78196\/revisions\/78201"}],"wp:featuredmedia":[{"embeddable":true,"href":"https:\/\/www.esteri.it\/it\/wp-json\/wp\/v2\/media\/78197"}],"wp:attachment":[{"href":"https:\/\/www.esteri.it\/it\/wp-json\/wp\/v2\/media?parent=78196"}],"wp:term":[{"taxonomy":"category","embeddable":true,"href":"https:\/\/www.esteri.it\/it\/wp-json\/wp\/v2\/categories?post=78196"},{"taxonomy":"post_tag","embeddable":true,"href":"https:\/\/www.esteri.it\/it\/wp-json\/wp\/v2\/tags?post=78196"}],"curies":[{"name":"wp","href":"https:\/\/api.w.org\/{rel}","templated":true}]}}