{"id":78290,"date":"2022-05-11T16:33:38","date_gmt":"2022-05-11T14:33:38","guid":{"rendered":"https:\/\/www.esteri.it\/?p=78290"},"modified":"2022-05-11T16:33:38","modified_gmt":"2022-05-11T14:33:38","slug":"ambasciatore-guariglia-roma-e-madrid-voce-comune-anche-alla-nato-ansa","status":"publish","type":"post","link":"https:\/\/www.esteri.it\/it\/sala_stampa\/archivionotizie\/retediplomatica\/2022\/05\/ambasciatore-guariglia-roma-e-madrid-voce-comune-anche-alla-nato-ansa\/","title":{"rendered":"Ambasciatore Guariglia: \u201cRoma e Madrid voce comune anche alla Nato\u201d (ANSA)"},"content":{"rendered":"<p>Madrid, 11 maggio 2022 &#8211; La crisi per il Covid ha portato Italia e Spagna a &#8220;un&#8217;intensificazione evidente&#8221; dei rapporti bilaterali. Sino a sviluppare una &#8220;voce comune&#8221; che verr\u00e0 messa in campo anche in occasione del prossimo vertice Nato, in programma a Madrid tra il 28 e il 30 giugno, per far s\u00ec che &#8220;non venga meno&#8221; l&#8217;attenzione per il &#8220;fianco Sud&#8221; dell&#8217;Europa, bench\u00e9 nel frattempo la priorit\u00e0 sia l&#8217;Ucraina.<br \/>\nLo afferma in un&#8217;intervista all&#8217;ANSA l&#8217;ambasciatore italiano a Madrid, Riccardo Guariglia. Perch\u00e9 \u2014 aggiunge a due anni esatti dal suo arrivo nella capitale spagnola \u2014 &#8220;migrazioni, instabilit\u00e0 o sviluppo del terrorismo&#8221; nell&#8217;area mediterranea restano sfide attuali per entrambi questi &#8220;Paesi frontiera&#8221;.<br \/>\nGrazie al fatto che i due governi ora dialogano &#8220;molto di pi\u00f9 di quanto non succedesse in passato&#8221;, Roma e Madrid hanno gi\u00e0 portato a casa risultati come l&#8217;assegnazione dei fondi del Next Generation EU, ottenuta \u2014 sottolinea Guariglia \u2014 spalleggiandosi reciprocamente a Bruxelles. La sintonia \u00e8 poi proseguita anche sulla questione energetica, come constatato dall&#8217;ambasciatore stesso nel corso dell&#8217;ultima visita del premier spagnolo Pedro S\u00e1nchez a Roma, in occasione di un incontro con Mario Draghi e i capi di governo di Portogallo e Grecia. Affinit\u00e0 che non viene scalfita dal fatto che, per emanciparsi progressivamente dalla necessit\u00e0 di materie prime russe, l&#8217;Italia stia ora guardando a partner strategici spagnoli come l&#8217;Algeria. &#8220;La Spagna capisce benissimo che l&#8217;Italia ha una necessit\u00e0 di approvvigionarsi di gas&#8221;, afferma il diplomatico. Senza dimenticare che, per quanto riguarda la guerra in Ucraina, entrambi i Paesi &#8220;intervengono nella stessa maniera a supporto dell&#8217;Ucraina e delle posizioni comuni europee&#8221;.<br \/>\nIn parallelo ai temi di pi\u00f9 stretta attualit\u00e0, un altro ambito di collaborazione \u00e8 quello tra forze dell&#8217;ordine, in particolare nella lotta alle mafie che tentano di penetrare in Spagna. &#8220;Funziona molto bene, perch\u00e9 porta risultati&#8221;, dice Guariglia, che sottolinea i frequenti arresti frutto di operazioni congiunte.<br \/>\nUno dei prossimi passi del consolidamento delle relazioni tra Italia e Spagna sar\u00e0 la firma di un &#8220;trattato di cooperazione rafforzata&#8221;, sulla falsariga di quello firmato a novembre scorso tra Roma e Parigi. E intanto, la comunit\u00e0 italiana in Spagna vive ormai da diversi anni una fase di forte crescita. &#8220;Nel 2000&#8221;, dice Guariglia, &#8220;i residenti erano circa 40.000, mentre oggi sono 400.000&#8221;: in altre parole, un ritmo di incremento medio annuo &#8220;del 5%&#8221;. Espansione &#8220;che continua&#8221; attualmente e che, in alcuni territori iberici, come le Canarie \u2014 dove \u00e8 stato aperto di recente un vice-consolato \u2014 \u00e8 anche superiore, arrivando &#8220;all&#8217;8%&#8221;. Senza contare collettivi specifici come, in particolare, gli studenti Erasmus. Secondo l&#8217;ambasciatore, tra i fattori decisivi di questa tendenza c&#8217;\u00e8 il forte &#8220;intendimento&#8221; di base tra le societ\u00e0 civili dei due Paesi, che porta a stringere rapporti comuni in svariati ambiti. &#8220;Ci sono tantissimi italiani che lavorano qui, a tutti i livelli&#8221;, dice Guariglia: &#8220;Considero ogni italiano residente in Spagna un vero e proprio ambasciatore del proprio Paese&#8221;. (ANSA)<\/p>\n","protected":false},"excerpt":{"rendered":"Madrid, 11 maggio 2022 &#8211; La crisi per il Covid ha portato Italia e Spagna a &#8220;un&#8217;intensificazione evidente&#8221; dei rapporti bilaterali. Sino a sviluppare una &#8220;voce comune&#8221; che verr\u00e0 messa in campo anche in occasione del prossimo vertice Nato, in programma a Madrid tra il 28 e il 30 giugno, per far s\u00ec che &#8220;non [&hellip;]","protected":false},"author":8,"featured_media":0,"comment_status":"closed","ping_status":"closed","sticky":false,"template":"","format":"standard","meta":{"footnotes":""},"categories":[20],"tags":[375],"class_list":["post-78290","post","type-post","status-publish","format-standard","hentry","category-retediplomatica","tag-ansa-ambasciatori"],"_links":{"self":[{"href":"https:\/\/www.esteri.it\/it\/wp-json\/wp\/v2\/posts\/78290","targetHints":{"allow":["GET"]}}],"collection":[{"href":"https:\/\/www.esteri.it\/it\/wp-json\/wp\/v2\/posts"}],"about":[{"href":"https:\/\/www.esteri.it\/it\/wp-json\/wp\/v2\/types\/post"}],"author":[{"embeddable":true,"href":"https:\/\/www.esteri.it\/it\/wp-json\/wp\/v2\/users\/8"}],"replies":[{"embeddable":true,"href":"https:\/\/www.esteri.it\/it\/wp-json\/wp\/v2\/comments?post=78290"}],"version-history":[{"count":1,"href":"https:\/\/www.esteri.it\/it\/wp-json\/wp\/v2\/posts\/78290\/revisions"}],"predecessor-version":[{"id":78291,"href":"https:\/\/www.esteri.it\/it\/wp-json\/wp\/v2\/posts\/78290\/revisions\/78291"}],"wp:attachment":[{"href":"https:\/\/www.esteri.it\/it\/wp-json\/wp\/v2\/media?parent=78290"}],"wp:term":[{"taxonomy":"category","embeddable":true,"href":"https:\/\/www.esteri.it\/it\/wp-json\/wp\/v2\/categories?post=78290"},{"taxonomy":"post_tag","embeddable":true,"href":"https:\/\/www.esteri.it\/it\/wp-json\/wp\/v2\/tags?post=78290"}],"curies":[{"name":"wp","href":"https:\/\/api.w.org\/{rel}","templated":true}]}}