{"id":8047,"date":"2012-12-06T10:36:38","date_gmt":"2012-12-06T09:36:38","guid":{"rendered":"https:\/\/www.esteri.it\/sala_stampa\/archivionotizie\/comunicati\/2012\/12\/20121206_terzinajibmikati\/"},"modified":"2012-12-06T10:36:38","modified_gmt":"2012-12-06T09:36:38","slug":"20121206_terzinajibmikati","status":"publish","type":"post","link":"https:\/\/www.esteri.it\/it\/sala_stampa\/archivionotizie\/comunicati\/2012\/12\/20121206_terzinajibmikati\/","title":{"rendered":"Incontro del Ministro Terzi con il Primo Ministro libanese Najib Mikati"},"content":{"rendered":"<p><P>All\u2019indomani della Riunione dei Ministri degli Esteri della NATO, ampio spazio durante il colloquio \u00e8 stato dedicato alle prospettive dalla crisi in Siria. Il titolare della Farnesina, ribadendo la necessit\u00e0 che la comunit\u00e0 internazionale continui a promuovere una soluzione politica alla crisi con l\u2019uscita di scena di Assad, e sostenga, a tal fine, la Coalizione delle Opposizioni costituitasi a Doha, ha rassicurato il Primo Ministro Mikati sul perdurante impegno italiano, anche attraverso l&#8217;Unione Europea, per limitare le ripercussioni politiche, sociali ed umanitarie del conflitto siriano in Libano.<\/P><br \/>\n<P>Forte preoccupazione \u00e8 stata in particolare espressa, nel corso dell\u2019incontro, per le drammatiche conseguenze umanitarie della situazione in Siria. In Libano sono presenti, secondo le ultime stime, oltre 130.000 rifugiati siriani: si tratta, nella comune valutazione di Terzi e Mikati, di un\u2019emergenza che rischia di riflettersi pesantemente sulle prospettive dell\u2019economia libanese e sulla capacit\u00e0 del Paese di attrarre turismo ed investimenti. E\u2019 in tale contesto che il capo della diplomazia italiana ha ricordato come l\u2019Italia stia intensificando il suo impegno a favore dei profughi siriani, anche con aiuti, per oltre un milione di Euro, che negli ultimi mesi sono stati specificamente destinati alle donne ed ai bambini che hanno trovato rifugio in Libano.<\/P><br \/>\n<P>L\u2019incontro ha imoltre fornito l\u2019occasione per uno scambio di vedute sui principali temi mediorientali. Terzi ha ribadito che la comunit\u00e0 internazionale, e in particolare l\u2019Europa, si stanno adoperando per indurre israeliani e palestinesi alla moderazione ed alla ripresa dei negoziati diretti, unica strada per rilanciare il processo di pace. <\/P><br \/>\n<P>Durante il colloquio \u00e8 stata, infine, approfondita la comune volont\u00e0 di intensificare le relazioni economiche e commerciali tra i due Paesi. <\/P><br \/>\n<P>L\u2019Italia \u00e8 il secondo esportatore in Libano, con una quota del 9% del mercato, superando la Cina e collocandosi subito dopo gli Stati Uniti, ed \u00e8 sempre maggiore la presenza di imprese italiane nel Paese. Particolarmente apprezzata dal Primo Ministro Mikati \u00e8 stata, al riguardo, la prospettata organizzazione a Milano, agli inizi del 2013, di una &#8220;Presentazione Paese&#8221; volta ad illustrare alla comunit\u00e0 imprenditoriale italiana le potenzialit\u00e0 del mercato libanese.<\/P><\/p>\n","protected":false},"excerpt":{"rendered":"All\u2019indomani della Riunione dei Ministri degli Esteri della NATO, ampio spazio durante il colloquio \u00e8 stato dedicato alle prospettive dalla crisi in Siria. Il titolare della Farnesina, ribadendo la necessit\u00e0 che la comunit\u00e0 internazionale continui a promuovere una soluzione politica alla crisi con l\u2019uscita di scena di Assad, e sostenga, a tal fine, la Coalizione [&hellip;]","protected":false},"author":1,"featured_media":0,"comment_status":"","ping_status":"","sticky":false,"template":"","format":"standard","meta":{"footnotes":""},"categories":[1],"tags":[6,76],"class_list":["post-8047","post","type-post","status-publish","format-standard","hentry","category-comunicati","tag-mediterraneo-e-medio-oriente","tag-ministri-precedenti"],"_links":{"self":[{"href":"https:\/\/www.esteri.it\/it\/wp-json\/wp\/v2\/posts\/8047","targetHints":{"allow":["GET"]}}],"collection":[{"href":"https:\/\/www.esteri.it\/it\/wp-json\/wp\/v2\/posts"}],"about":[{"href":"https:\/\/www.esteri.it\/it\/wp-json\/wp\/v2\/types\/post"}],"author":[{"embeddable":true,"href":"https:\/\/www.esteri.it\/it\/wp-json\/wp\/v2\/users\/1"}],"replies":[{"embeddable":true,"href":"https:\/\/www.esteri.it\/it\/wp-json\/wp\/v2\/comments?post=8047"}],"version-history":[{"count":0,"href":"https:\/\/www.esteri.it\/it\/wp-json\/wp\/v2\/posts\/8047\/revisions"}],"wp:attachment":[{"href":"https:\/\/www.esteri.it\/it\/wp-json\/wp\/v2\/media?parent=8047"}],"wp:term":[{"taxonomy":"category","embeddable":true,"href":"https:\/\/www.esteri.it\/it\/wp-json\/wp\/v2\/categories?post=8047"},{"taxonomy":"post_tag","embeddable":true,"href":"https:\/\/www.esteri.it\/it\/wp-json\/wp\/v2\/tags?post=8047"}],"curies":[{"name":"wp","href":"https:\/\/api.w.org\/{rel}","templated":true}]}}