{"id":83093,"date":"2022-07-25T13:37:38","date_gmt":"2022-07-25T11:37:38","guid":{"rendered":"https:\/\/www.esteri.it\/?p=83093"},"modified":"2022-07-25T13:37:38","modified_gmt":"2022-07-25T11:37:38","slug":"farnesina-e-viminale-impegnati-per-nuovi-corridoi-umanitari-per-circa-300-cittadini-afghani","status":"publish","type":"post","link":"https:\/\/www.esteri.it\/it\/sala_stampa\/archivionotizie\/comunicati\/2022\/07\/farnesina-e-viminale-impegnati-per-nuovi-corridoi-umanitari-per-circa-300-cittadini-afghani\/","title":{"rendered":"Farnesina e Viminale impegnati per nuovi corridoi umanitari per circa 300 cittadini afghani"},"content":{"rendered":"<p>Sono in arrivo a Roma, grazie a nuovi corridoi umanitari, circa 300 afghani in partenza da Iran e Pakistan.<\/p>\n<p>Nella giornata odierna sono giunti a Fiumicino i primi 9 beneficiari con volo di linea da Teheran. Un secondo pi\u00f9 consistente gruppo di oltre 200 beneficiari giunger\u00e0 con volo speciale da Islamabad, sempre a Fiumicino mercoled\u00ec 27 luglio. Un terzo gruppo di beneficiari sar\u00e0 poi trasferito con volo diretto da Teheran in arrivo a Fiumicino gioved\u00ec 28 luglio.<\/p>\n<p>Le tre operazioni sono frutto della serrata collaborazione tra Istituzioni, organizzazioni della societ\u00e0 civile e organismi internazionali nel quadro del \u201cPiano italiano per il popolo afghano\u201d, nato con l\u2019obiettivo rispondere alla crisi umanitaria in Afghanistan, con particolare riguardo a donne e minori. L\u2019iniziativa prosegue idealmente l\u2019evacuazione d\u2019emergenza da Kabul condotta nel mese di agosto 2021, nonch\u00e9 numerosi successivi interventi umanitari, in modo da offrire a ulteriori rifugiati e perseguitati afghani la possibilit\u00e0 di un futuro in dignit\u00e0 e sicurezza.<\/p>\n<p>Il Protocollo d\u2019intesa per corridoi umanitari ed evacuazioni dall\u2019Afghanistan vede da un lato il coinvolgimento di Viminale e Farnesina, dall\u2019altro di alcune organizzazioni della societ\u00e0 civile: Comunit\u00e0 di Sant\u2019Egidio, Conferenza Episcopale Italiana\/Caritas, Federazione Chiese Evangeliche Italiane, Tavola Valdese e ARCI, in collaborazione con UNHCR &#8211; Alto Commissariato delle Nazioni Unite per i Rifugiati, OIM &#8211; Organizzazione Internazionale per le Migrazioni e INMP &#8211; Istituto nazionale per la promozione della salute delle popolazioni migranti ed il contrasto delle malattie della povert\u00e0.<\/p>\n<p>I tre trasferimenti aerei di questa settimana, curati direttamente dalle associazioni, sono stati realizzati superando notevoli difficolt\u00e0 logistiche e grazie alla collaborazione delle autorit\u00e0 pakistane e iraniane. Si avvia cos\u00ec un percorso che prevede il complessivo trasferimento in Italia di 1200 cittadini afghani in condizioni di particolare vulnerabilit\u00e0 e rischio, non solo da Pakistan e Iran, ma anche da altri Paesi della regione.<\/p>\n","protected":false},"excerpt":{"rendered":"Sono in arrivo a Roma, grazie a nuovi corridoi umanitari, circa 300 afghani in partenza da Iran e Pakistan. Nella giornata odierna sono giunti a Fiumicino i primi 9 beneficiari con volo di linea da Teheran. Un secondo pi\u00f9 consistente gruppo di oltre 200 beneficiari giunger\u00e0 con volo speciale da Islamabad, sempre a Fiumicino mercoled\u00ec [&hellip;]","protected":false},"author":5,"featured_media":0,"comment_status":"closed","ping_status":"closed","sticky":false,"template":"","format":"standard","meta":{"footnotes":""},"categories":[1],"tags":[29],"class_list":["post-83093","post","type-post","status-publish","format-standard","hentry","category-comunicati","tag-cooperazione-sviluppo"],"_links":{"self":[{"href":"https:\/\/www.esteri.it\/it\/wp-json\/wp\/v2\/posts\/83093","targetHints":{"allow":["GET"]}}],"collection":[{"href":"https:\/\/www.esteri.it\/it\/wp-json\/wp\/v2\/posts"}],"about":[{"href":"https:\/\/www.esteri.it\/it\/wp-json\/wp\/v2\/types\/post"}],"author":[{"embeddable":true,"href":"https:\/\/www.esteri.it\/it\/wp-json\/wp\/v2\/users\/5"}],"replies":[{"embeddable":true,"href":"https:\/\/www.esteri.it\/it\/wp-json\/wp\/v2\/comments?post=83093"}],"version-history":[{"count":1,"href":"https:\/\/www.esteri.it\/it\/wp-json\/wp\/v2\/posts\/83093\/revisions"}],"predecessor-version":[{"id":83094,"href":"https:\/\/www.esteri.it\/it\/wp-json\/wp\/v2\/posts\/83093\/revisions\/83094"}],"wp:attachment":[{"href":"https:\/\/www.esteri.it\/it\/wp-json\/wp\/v2\/media?parent=83093"}],"wp:term":[{"taxonomy":"category","embeddable":true,"href":"https:\/\/www.esteri.it\/it\/wp-json\/wp\/v2\/categories?post=83093"},{"taxonomy":"post_tag","embeddable":true,"href":"https:\/\/www.esteri.it\/it\/wp-json\/wp\/v2\/tags?post=83093"}],"curies":[{"name":"wp","href":"https:\/\/api.w.org\/{rel}","templated":true}]}}