{"id":8596,"date":"2012-04-13T18:11:07","date_gmt":"2012-04-13T16:11:07","guid":{"rendered":"https:\/\/www.esteri.it\/sala_stampa\/archivionotizie\/comunicati\/2012\/04\/20120413_terzireynders\/"},"modified":"2012-04-13T18:11:07","modified_gmt":"2012-04-13T16:11:07","slug":"20120413_terzireynders","status":"publish","type":"post","link":"https:\/\/www.esteri.it\/it\/sala_stampa\/archivionotizie\/comunicati\/2012\/04\/20120413_terzireynders\/","title":{"rendered":"Dettaglio comunicato"},"content":{"rendered":"<p><P align=\"justify\">Il Ministro degli Esteri, Giulio Terzi, ha ricevuto oggi alla Farnesina il Vice Primo Ministro e Ministro degli Esteri belga, Didier Reynders.<\/P><br \/>\n<P align=\"justify\">I due Ministri hanno sottolineato l\u2019 intensa collaborazione fra Italia e Belgio sul piano sia bilaterale che multilaterale, alla luce dei forti vincoli economici, culturali e politici, rafforzati anche dalla presenza di quasi 300.000 cittadini italiani in Belgio, come pure dall\u2019 ottimo andamento dell\u2019 interscambio, che lo scorso anno ha superato i 24 miliardi di Euro. <\/P><br \/>\n<P align=\"justify\">L\u2019 incontro ha confermato comune sensibilit\u00e0 ed ampia convergenza sui temi europei, dell\u2019 Alleanza Atlantica e delle Nazioni Unite. Con particolare riguardo alla dimensione europea, i due Ministri hanno concordato sull\u2019 esigenza che, nel contesto del rafforzamento del processo di integrazione e della governance economica, le politiche comunitarie assicurino equilibrio fra rigore di bilancio e rilancio della crescita e dell\u2019 occupazione. Ampio spazio \u00e8 stato altres\u00ec dedicato, durante il colloquio, anche al condiviso impegno per un sempre pi\u00f9 alto profilo della politica estera e di difesa comune dell\u2019 Unione.<\/P><br \/>\n<P align=\"justify\">Terzi e Reynders hanno inoltre avuto uno scambio di vedute sui principali temi dell\u2019attualit\u00e0 internazionale, con particolare riguardo all\u2019 azione della comunit\u00e0 internazionale per promuovere lo sviluppo e la stabilit\u00e0 del Mediterraneo e Medio Oriente dopo la stagione delle primavere arabe, ed alle prospettive della transizione in Afghanistan. <\/P><\/p>\n","protected":false},"excerpt":{"rendered":"Il Ministro degli Esteri, Giulio Terzi, ha ricevuto oggi alla Farnesina il Vice Primo Ministro e Ministro degli Esteri belga, Didier Reynders. I due Ministri hanno sottolineato l\u2019 intensa collaborazione fra Italia e Belgio sul piano sia bilaterale che multilaterale, alla luce dei forti vincoli economici, culturali e politici, rafforzati anche dalla presenza di quasi [&hellip;]","protected":false},"author":1,"featured_media":0,"comment_status":"","ping_status":"","sticky":false,"template":"","format":"standard","meta":{"footnotes":""},"categories":[1],"tags":[9,42],"class_list":["post-8596","post","type-post","status-publish","format-standard","hentry","category-comunicati","tag-europa","tag-unione-europea"],"_links":{"self":[{"href":"https:\/\/www.esteri.it\/it\/wp-json\/wp\/v2\/posts\/8596","targetHints":{"allow":["GET"]}}],"collection":[{"href":"https:\/\/www.esteri.it\/it\/wp-json\/wp\/v2\/posts"}],"about":[{"href":"https:\/\/www.esteri.it\/it\/wp-json\/wp\/v2\/types\/post"}],"author":[{"embeddable":true,"href":"https:\/\/www.esteri.it\/it\/wp-json\/wp\/v2\/users\/1"}],"replies":[{"embeddable":true,"href":"https:\/\/www.esteri.it\/it\/wp-json\/wp\/v2\/comments?post=8596"}],"version-history":[{"count":0,"href":"https:\/\/www.esteri.it\/it\/wp-json\/wp\/v2\/posts\/8596\/revisions"}],"wp:attachment":[{"href":"https:\/\/www.esteri.it\/it\/wp-json\/wp\/v2\/media?parent=8596"}],"wp:term":[{"taxonomy":"category","embeddable":true,"href":"https:\/\/www.esteri.it\/it\/wp-json\/wp\/v2\/categories?post=8596"},{"taxonomy":"post_tag","embeddable":true,"href":"https:\/\/www.esteri.it\/it\/wp-json\/wp\/v2\/tags?post=8596"}],"curies":[{"name":"wp","href":"https:\/\/api.w.org\/{rel}","templated":true}]}}