{"id":8607,"date":"2012-03-30T18:03:01","date_gmt":"2012-03-30T16:03:01","guid":{"rendered":"https:\/\/www.esteri.it\/sala_stampa\/archivionotizie\/comunicati\/2012\/03\/20120330_udccitt\/"},"modified":"2012-03-30T18:03:01","modified_gmt":"2012-03-30T16:03:01","slug":"20120330_udccitt","status":"publish","type":"post","link":"https:\/\/www.esteri.it\/it\/sala_stampa\/archivionotizie\/comunicati\/2012\/03\/20120330_udccitt\/","title":{"rendered":"Informazioni dell\u2019Unit\u00e0 di Crisi per il cittadino"},"content":{"rendered":"<p><P>La facilit\u00e0 con cui oggi vengono intrapresi viaggi internazionali rende sempre piu\u2019 necessario un atteggiamento responsabile da parte di quanti si recano all\u2019estero per turismo o lavoro e comporta, con maggiore evidenza, la necessit\u00e0 di disporre di dettagliate informazioni e di una adeguata preparazione prima della partenza.<\/P><br \/>\n<P>Per favorire un viaggio consapevole e responsabile la Farnesina rivolge un appello ai viaggiatori ad utilizzare i numerosi servizi gi\u00e0 messi a disposizione dei cittadini a tutela della loro sicurezza. L\u2019Unit\u00e0 di Crisi, in particolare, offre due siti di particolare utilit\u00e0.<\/P><br \/>\n<P>Il sito <A title=http:\/\/www.viaggiaresicuri.it\/ href=\"http:\/\/www.viaggiaresicuri.it\/\">www.viaggiaresicuri.it<\/A> contiene informazioni aggiornate su tutti i Paesi del mondo, relative non solo alle normative d\u2019ingresso, alle condizioni sanitarie e quelle climatiche, ma anche alle questioni di sicurezza. Al riguardo, il sito indica espressamente le aree in cui \u00e8 sconsigliato recarsi in ragione dello specifico contesto locale o del livello di rischio che le caratterizza. La consultazione del sito \u00e8 pertanto consigliata prima d\u2019intraprendere qualsiasi viaggio all\u2019estero per turismo o lavoro.<\/P><br \/>\n<P>Prima di partire, o anche a viaggio iniziato, \u00e8 inoltre opportuno iscriversi al sito <A title=http:\/\/www.dovesiamonelmondo.it\/ href=\"http:\/\/www.dovesiamonelmondo.it\/\">www.dovesiamonelmondo.it<\/A>, che permette di segnalare il proprio itinerario ed i recapiti, anche telefonici, per consentire all\u2019Unit\u00e0 di Crisi di contattare i connazionali che si venissero a trovare in aree interessate da un\u2019eventuale emergenza. Attraverso chiamate dirette o sms l\u2019Unit\u00e0 di Crisi puo\u2019 infatti fornire direttamente ai connazionali informazioni utili e norme di comportamento adeguate . Il servizio \u00e8 gratuito e i dati forniti dai cittadini, in ottemperanza alla normativa sulla riservatezza personale, vengono cancellati due giorni dopo la data indicata di rientro, rimanendo fruibili solo in caso di necessit\u00e0.<\/P><br \/>\n<P>Si attira comunque l\u2019attenzione anche su quanto previsto dal decreto legislativo n.79\/2011 (c.d. codice del Turismo) nel quale viene fatto esplicito riferimento ai casi di coloro che<STRONG> <\/STRONG>all\u2019estero si siano esposti deliberatamente, salvi giustificati motivi correlati all\u2019esercizio di attivit\u00e0 professionali, a rischi che avrebbero potuto conoscere con l\u2019uso della normale diligenza.<\/P><br \/>\n<P>Si ricorda infine che l\u2019Unit\u00e0 di Crisi \u00e8 operativa 24 ore su 24 ed \u00e8 sempre contattabile in caso di emergenze al numero 06 36225 e all\u2019e-mail <A title=mailto:unita.crisi@esteri.it href=\"mailto:unita.crisi@esteri.it\">unita.crisi@esteri.it<\/A> <\/P><\/p>\n","protected":false},"excerpt":{"rendered":"La facilit\u00e0 con cui oggi vengono intrapresi viaggi internazionali rende sempre piu\u2019 necessario un atteggiamento responsabile da parte di quanti si recano all\u2019estero per turismo o lavoro e comporta, con maggiore evidenza, la necessit\u00e0 di disporre di dettagliate informazioni e di una adeguata preparazione prima della partenza. Per favorire un viaggio consapevole e responsabile la [&hellip;]","protected":false},"author":1,"featured_media":0,"comment_status":"","ping_status":"","sticky":false,"template":"","format":"standard","meta":{"footnotes":""},"categories":[1],"tags":[7,63],"class_list":["post-8607","post","type-post","status-publish","format-standard","hentry","category-comunicati","tag-italiani-nel-mondo","tag-unita-di-crisi"],"_links":{"self":[{"href":"https:\/\/www.esteri.it\/it\/wp-json\/wp\/v2\/posts\/8607","targetHints":{"allow":["GET"]}}],"collection":[{"href":"https:\/\/www.esteri.it\/it\/wp-json\/wp\/v2\/posts"}],"about":[{"href":"https:\/\/www.esteri.it\/it\/wp-json\/wp\/v2\/types\/post"}],"author":[{"embeddable":true,"href":"https:\/\/www.esteri.it\/it\/wp-json\/wp\/v2\/users\/1"}],"replies":[{"embeddable":true,"href":"https:\/\/www.esteri.it\/it\/wp-json\/wp\/v2\/comments?post=8607"}],"version-history":[{"count":0,"href":"https:\/\/www.esteri.it\/it\/wp-json\/wp\/v2\/posts\/8607\/revisions"}],"wp:attachment":[{"href":"https:\/\/www.esteri.it\/it\/wp-json\/wp\/v2\/media?parent=8607"}],"wp:term":[{"taxonomy":"category","embeddable":true,"href":"https:\/\/www.esteri.it\/it\/wp-json\/wp\/v2\/categories?post=8607"},{"taxonomy":"post_tag","embeddable":true,"href":"https:\/\/www.esteri.it\/it\/wp-json\/wp\/v2\/tags?post=8607"}],"curies":[{"name":"wp","href":"https:\/\/api.w.org\/{rel}","templated":true}]}}