{"id":8634,"date":"2012-03-21T15:05:34","date_gmt":"2012-03-21T14:05:34","guid":{"rendered":"https:\/\/www.esteri.it\/sala_stampa\/archivionotizie\/comunicati\/2012\/03\/20120321_incontroterziborg\/"},"modified":"2012-03-21T15:05:34","modified_gmt":"2012-03-21T14:05:34","slug":"20120321_incontroterziborg","status":"publish","type":"post","link":"https:\/\/www.esteri.it\/it\/sala_stampa\/archivionotizie\/comunicati\/2012\/03\/20120321_incontroterziborg\/","title":{"rendered":"Incontro del Ministro Terzi con il Ministro degli Esteri maltese Tonio Borg"},"content":{"rendered":"<p><P>Il Ministro degli Esteri Giulio Terzi ha incontrato oggi alla Farnesina il Ministro degli Esteri della Repubblica di Malta, Tonio Borg, a Roma in occasione della visita di Stato del Presidente della Repubblica maltese George Abela.<\/P><br \/>\n<P>Nel ribadire l\u2019intensissimo livello dei rapporti bilaterali e la consonanza di vedute sui temi di carattere regionale, i Ministri hanno espresso il comune impegno ad istituire un meccanismo di dialogo rafforzato, teso ad esaminare con cadenze periodiche le principali questioni di interesse dei due Paesi, sotto il profilo bilaterale, europeo e mediterraneo. <\/P><br \/>\n<P>In tale contesto e alla luce dei recenti episodi migratori, \u00e8 emerso il comune impegno ad approfondire con priorit\u00e0 le possibilit\u00e0 ed opportunit\u00e0 di collaborazione su questioni marittime, con particolare riferimento all\u2019immigrazione via mare e alla cooperazione nella ricerca e soccorso in mare.<\/P><br \/>\n<P>Il colloquio ha toccato estesamente questioni attinenti all\u2019attualit\u00e0 europea e alla situazione nel Mediterraneo, con particolare riferimento agli sviluppi in Libia. Nel quadro dei formati di cooperazione mediterranea, da parte italiana \u00e8 stato espresso apprezzamento e sostegno per l\u2019organizzazione del Vertice 5+5, che Malta ospiter\u00e0 nel prossimo ottobre. <\/P><\/p>\n","protected":false},"excerpt":{"rendered":"Il Ministro degli Esteri Giulio Terzi ha incontrato oggi alla Farnesina il Ministro degli Esteri della Repubblica di Malta, Tonio Borg, a Roma in occasione della visita di Stato del Presidente della Repubblica maltese George Abela. Nel ribadire l\u2019intensissimo livello dei rapporti bilaterali e la consonanza di vedute sui temi di carattere regionale, i Ministri [&hellip;]","protected":false},"author":1,"featured_media":0,"comment_status":"","ping_status":"","sticky":false,"template":"","format":"standard","meta":{"footnotes":""},"categories":[1],"tags":[3,43,9],"class_list":["post-8634","post","type-post","status-publish","format-standard","hentry","category-comunicati","tag-diplomazia-economica","tag-diritti-umani","tag-europa"],"_links":{"self":[{"href":"https:\/\/www.esteri.it\/it\/wp-json\/wp\/v2\/posts\/8634","targetHints":{"allow":["GET"]}}],"collection":[{"href":"https:\/\/www.esteri.it\/it\/wp-json\/wp\/v2\/posts"}],"about":[{"href":"https:\/\/www.esteri.it\/it\/wp-json\/wp\/v2\/types\/post"}],"author":[{"embeddable":true,"href":"https:\/\/www.esteri.it\/it\/wp-json\/wp\/v2\/users\/1"}],"replies":[{"embeddable":true,"href":"https:\/\/www.esteri.it\/it\/wp-json\/wp\/v2\/comments?post=8634"}],"version-history":[{"count":0,"href":"https:\/\/www.esteri.it\/it\/wp-json\/wp\/v2\/posts\/8634\/revisions"}],"wp:attachment":[{"href":"https:\/\/www.esteri.it\/it\/wp-json\/wp\/v2\/media?parent=8634"}],"wp:term":[{"taxonomy":"category","embeddable":true,"href":"https:\/\/www.esteri.it\/it\/wp-json\/wp\/v2\/categories?post=8634"},{"taxonomy":"post_tag","embeddable":true,"href":"https:\/\/www.esteri.it\/it\/wp-json\/wp\/v2\/tags?post=8634"}],"curies":[{"name":"wp","href":"https:\/\/api.w.org\/{rel}","templated":true}]}}