{"id":8675,"date":"2012-03-07T18:11:38","date_gmt":"2012-03-07T17:11:38","guid":{"rendered":"https:\/\/www.esteri.it\/sala_stampa\/archivionotizie\/comunicati\/2012\/03\/20120307_spind\/"},"modified":"2012-03-07T18:11:38","modified_gmt":"2012-03-07T17:11:38","slug":"20120307_spind","status":"publish","type":"post","link":"https:\/\/www.esteri.it\/it\/sala_stampa\/archivionotizie\/comunicati\/2012\/03\/20120307_spind\/","title":{"rendered":"Incontro del Ministro Terzi con il proprio omologo austriaco, Michael Spindelegger"},"content":{"rendered":"<p><P>Il Ministro degli Esteri Terzi ha incontrato oggi alla Farnesina il proprio omologo austriaco, Michael Spindelegger. <\/P><br \/>\n<P>Il colloquio \u00e8 stato un\u2019importante opportunit\u00e0 per riprendere e rilanciare i contatti fra Roma e Vienna, a quasi tre anni dall\u2019ultima visita in Italia del Ministro degli Esteri austriaco. <\/P><br \/>\n<P>Sull\u2019Europa, Terzi e Spindelegger hanno espresso piena coincidenza di vedute sull\u2019opportunit\u00e0 di uno sforzo comune per un\u2019agenda concreta per la crescita e le riforme, accompagnata da impegni precisi. <\/P><br \/>\n<P>I due Ministri degli Esteri hanno altres\u00ec concordato sull\u2019importanza \u2013 per i Paesi membri dell\u2019UE \u2013 di impegnarsi affinch\u00e9 l\u2019Unione si esprima \u201ccon una sola voce\u201d nelle sedi multilaterali. Un particolare riferimento al riguardo \u00e8 stato fatto alle tematiche dei diritti umani, della libert\u00e0 religiosa e della Politica di sicurezza e Difesa comune. <\/P><br \/>\n<P>Grande soddisfazione \u00e8 stata espressa dai due Ministri anche sulla recente concessione alla Serbia dello status <\/I>di candidato. Insieme a Spindelegger e Jupp\u00e8, Terzi aveva indirizzato una lettera all\u2019Alto Rappresentante Ashton per sostenere la concessione dello status alla Serbia, dove proprio domani Terzi si recher\u00e0 insieme al Presidente del Consiglio Monti per partecipare al Secondo Vertice Italo-Serbo in programma a Belgrado.<\/P><br \/>\n<P>Sempre in materia di allargamento dell\u2019UE ai Balcani, il Ministro Terzi ha ricordato che l\u2019Italia \u00e8 stato il primo Paese fondatore dell\u2019Unione Europea a ratificare il Trattato di adesione della Croazia. <\/P><br \/>\n<P>I due Ministri hanno affrontato anche i principali temi dell\u2019attualit\u00e0 internazionale, soffermandosi particolarmente sulla delicata situazione in Siria, Egitto e Libia, nonch\u00e9 sul processo di pace in Medio Oriente. Piena identit\u00e0 di vedute anche sulle conclusioni del Consiglio Europeo circa il sostegno alla \u201cPrimavera Araba\u201d e ai processi di transizione democratica in corso. <\/P><br \/>\n<P>Il Ministro Terzi ha colto l\u2019occasione per aggiornare Spindelegger sugli ultimi sviluppi del caso dei due militari italiani in India, sottolineando l\u2019importanza di mantenere un ampio e compatto fronte internazionale nella lotta alla pirateria e a sostegno delle regole che la disciplinano. <\/I><\/P><br \/>\n<P>Al termine del cordiale colloquio, i due Ministri si sono dati appuntamento in Danimarca, dove si terr\u00e0 nel fine settimana una riunione informale in materia di politica estera e di sicurezza comune. <\/P><\/p>\n","protected":false},"excerpt":{"rendered":"Il Ministro degli Esteri Terzi ha incontrato oggi alla Farnesina il proprio omologo austriaco, Michael Spindelegger. Il colloquio \u00e8 stato un\u2019importante opportunit\u00e0 per riprendere e rilanciare i contatti fra Roma e Vienna, a quasi tre anni dall\u2019ultima visita in Italia del Ministro degli Esteri austriaco. Sull\u2019Europa, Terzi e Spindelegger hanno espresso piena coincidenza di vedute [&hellip;]","protected":false},"author":1,"featured_media":0,"comment_status":"","ping_status":"","sticky":false,"template":"","format":"standard","meta":{"footnotes":""},"categories":[1],"tags":[3,9,6,42],"class_list":["post-8675","post","type-post","status-publish","format-standard","hentry","category-comunicati","tag-diplomazia-economica","tag-europa","tag-mediterraneo-e-medio-oriente","tag-unione-europea"],"_links":{"self":[{"href":"https:\/\/www.esteri.it\/it\/wp-json\/wp\/v2\/posts\/8675","targetHints":{"allow":["GET"]}}],"collection":[{"href":"https:\/\/www.esteri.it\/it\/wp-json\/wp\/v2\/posts"}],"about":[{"href":"https:\/\/www.esteri.it\/it\/wp-json\/wp\/v2\/types\/post"}],"author":[{"embeddable":true,"href":"https:\/\/www.esteri.it\/it\/wp-json\/wp\/v2\/users\/1"}],"replies":[{"embeddable":true,"href":"https:\/\/www.esteri.it\/it\/wp-json\/wp\/v2\/comments?post=8675"}],"version-history":[{"count":0,"href":"https:\/\/www.esteri.it\/it\/wp-json\/wp\/v2\/posts\/8675\/revisions"}],"wp:attachment":[{"href":"https:\/\/www.esteri.it\/it\/wp-json\/wp\/v2\/media?parent=8675"}],"wp:term":[{"taxonomy":"category","embeddable":true,"href":"https:\/\/www.esteri.it\/it\/wp-json\/wp\/v2\/categories?post=8675"},{"taxonomy":"post_tag","embeddable":true,"href":"https:\/\/www.esteri.it\/it\/wp-json\/wp\/v2\/tags?post=8675"}],"curies":[{"name":"wp","href":"https:\/\/api.w.org\/{rel}","templated":true}]}}