{"id":869,"date":"2021-06-04T20:52:19","date_gmt":"2021-06-04T18:52:19","guid":{"rendered":"https:\/\/www.esteri.it\/sala_stampa\/archivionotizie\/comunicati\/2021\/06\/nota-farnesina-sudan-aggiornamento-sulla-situazione-del-connazionale-marco-zennaro\/"},"modified":"2021-06-04T20:52:19","modified_gmt":"2021-06-04T18:52:19","slug":"nota-farnesina-sudan-aggiornamento-sulla-situazione-del-connazionale-marco-zennaro","status":"publish","type":"post","link":"https:\/\/www.esteri.it\/it\/sala_stampa\/archivionotizie\/comunicati\/2021\/06\/nota-farnesina-sudan-aggiornamento-sulla-situazione-del-connazionale-marco-zennaro\/","title":{"rendered":"NOTA FARNESINA \u2013 Sudan: Aggiornamento sulla situazione del connazionale Marco Zennaro"},"content":{"rendered":"<p>Il Signor Marco Zennaro \u00e8 detenuto a Khartoum dal 1\u00b0 aprile scorso, a seguito delle denunce per truffa presentate dai suoi partner commerciali. L\u2019Ambasciata d\u2019Italia a Khartoum segue la vicenda costantemente fin dall\u2019inizio, svolgendo regolari visite consolari al connazionale (oltre 60 dal 1\u00b0 aprile a oggi) e mantenendo un contatto permanente con i familiari.<\/p>\n<p>L\u2019Ambasciatore Gianluigi Vassallo non ha mai cessato di sollevare il caso con le pi\u00f9 alte istituzioni sudanesi, chiedendo chiarimenti ufficiali e, in assenza di motivi tali da giustificarne la detenzione, il rilascio del connazionale. Analogo messaggio \u00e8 stato veicolato dalla Farnesina all\u2019Ambasciata del Sudan in Italia.<\/p>\n<p>Il 24 maggio scorso, su istruzione del Ministro Di Maio, la Vice Ministra Sereni ha sottolineato al suo omologo sudanese l\u2019attenzione con cui l\u2019Italia segue questa vicenda.<\/p>\n<p>Il 30 e 31 maggio, su indicazione del Ministro Di Maio, il Direttore Generale per gli Italiani all\u2019estero Luigi Vignali si \u00e8 recato a Khartoum, dove ha pi\u00f9 volte visitato il connazionale ed \u00e8 riuscito a ottenere alcuni miglioramenti del suo regime di detenzione. Il 2 giugno, Marco Zennaro \u00e8 stato trasferito in una struttura detentiva pi\u00f9 organizzata, dove dispone di una brandina in un\u2019area comune non sovraffollata e ha accesso a servizi e spazi esterni; pu\u00f2 inoltre utilizzare il proprio telefono cellulare per comunicare con la famiglia e ricevere visite da parte dei familiari e del personale dell\u2019Ambasciata in orari predefiniti.<\/p>\n<p>Il Direttore Generale ha inoltre chiesto alle massime Autorit\u00e0 sudanesi di consentire al connazionale di trascorrere gli arresti domiciliari in albergo.<\/p>\n<p>La missione del Direttore Vignali ha inoltre consentito di prendere contatto con le controparti private sudanesi per fare il punto sul negoziato per una soluzione stragiudiziale della controversia commerciale che \u00e8 alla base della vicenda giudiziaria.<\/p>\n","protected":false},"excerpt":{"rendered":"Il Signor Marco Zennaro \u00e8 detenuto a Khartoum dal 1\u00b0 aprile scorso, a seguito delle denunce per truffa presentate dai suoi partner commerciali. L\u2019Ambasciata d\u2019Italia a Khartoum segue la vicenda costantemente fin dall\u2019inizio, svolgendo regolari visite consolari al connazionale (oltre 60 dal 1\u00b0 aprile a oggi) e mantenendo un contatto permanente con i familiari. L\u2019Ambasciatore [&hellip;]","protected":false},"author":1,"featured_media":0,"comment_status":"","ping_status":"","sticky":false,"template":"","format":"standard","meta":{"footnotes":""},"categories":[1],"tags":[31,25],"class_list":["post-869","post","type-post","status-publish","format-standard","hentry","category-comunicati","tag-africa","tag-farnesina"],"_links":{"self":[{"href":"https:\/\/www.esteri.it\/it\/wp-json\/wp\/v2\/posts\/869","targetHints":{"allow":["GET"]}}],"collection":[{"href":"https:\/\/www.esteri.it\/it\/wp-json\/wp\/v2\/posts"}],"about":[{"href":"https:\/\/www.esteri.it\/it\/wp-json\/wp\/v2\/types\/post"}],"author":[{"embeddable":true,"href":"https:\/\/www.esteri.it\/it\/wp-json\/wp\/v2\/users\/1"}],"replies":[{"embeddable":true,"href":"https:\/\/www.esteri.it\/it\/wp-json\/wp\/v2\/comments?post=869"}],"version-history":[{"count":0,"href":"https:\/\/www.esteri.it\/it\/wp-json\/wp\/v2\/posts\/869\/revisions"}],"wp:attachment":[{"href":"https:\/\/www.esteri.it\/it\/wp-json\/wp\/v2\/media?parent=869"}],"wp:term":[{"taxonomy":"category","embeddable":true,"href":"https:\/\/www.esteri.it\/it\/wp-json\/wp\/v2\/categories?post=869"},{"taxonomy":"post_tag","embeddable":true,"href":"https:\/\/www.esteri.it\/it\/wp-json\/wp\/v2\/tags?post=869"}],"curies":[{"name":"wp","href":"https:\/\/api.w.org\/{rel}","templated":true}]}}