{"id":8711,"date":"2012-02-20T18:34:16","date_gmt":"2012-02-20T17:34:16","guid":{"rendered":"https:\/\/www.esteri.it\/sala_stampa\/archivionotizie\/comunicati\/2012\/02\/20120220_algeria\/"},"modified":"2012-02-20T18:34:16","modified_gmt":"2012-02-20T17:34:16","slug":"20120220_algeria","status":"publish","type":"post","link":"https:\/\/www.esteri.it\/it\/sala_stampa\/archivionotizie\/comunicati\/2012\/02\/20120220_algeria\/","title":{"rendered":"Dettaglio comunicato"},"content":{"rendered":"<p><P align=justify>Il Ministro degli Esteri Giulio Terzi ha avuto oggi un incontro alla Farnesina con il Ministro degli Esteri algerino, Mourad Medelci, a margine della Ministeriale Esteri del Dialogo 5 + 5 che oggi ha riunito a Roma i 10 paesi che si affacciano sul Mediterraneo.<\/P><br \/>\n<P align=justify>L\u2019incontro ha consentito uno scambio di vedute su numerosi temi di comune interesse. I due Ministri, concordi nell\u2019esprimere piena soddisfazione per il successo della riunione di oggi, hanno manifestato la ferma volont\u00e0 di rilanciare, su basi concrete e operative, il partenariato italo-algerino, anche attraverso la preparazione di un Vertice bilaterale ad Algeri per la seconda met\u00e0 del 2012. <\/P><br \/>\n<P align=justify>Il Ministro Terzi e il Ministro Medelci, nel sottolineare l\u2019eccellente stato delle relazioni bilaterali fra i due Paesi, hanno altres\u00ec condiviso l\u2019auspicio di promuoverne l\u2019ulteriore rafforzamento della cooperazione soprattutto nel settore energetico, ed in particolare in materia di energie rinnovabili, data la profonda interdipendenza che lega i due Paesi.Pi\u00f9 in generale, il Ministro Terzi ha espresso la ferma volont\u00e0 di sostenere le opportunit\u00e0 di investimento in Algeria, che rappresenta il terzo mercato mondiale di sbocco per le piccole e medie imprese nel settore delle grandi opere, anche attraverso l\u2019organizzazione di road shows nei due Paesi.<\/P><\/p>\n","protected":false},"excerpt":{"rendered":"Il Ministro degli Esteri Giulio Terzi ha avuto oggi un incontro alla Farnesina con il Ministro degli Esteri algerino, Mourad Medelci, a margine della Ministeriale Esteri del Dialogo 5 + 5 che oggi ha riunito a Roma i 10 paesi che si affacciano sul Mediterraneo. L\u2019incontro ha consentito uno scambio di vedute su numerosi temi [&hellip;]","protected":false},"author":1,"featured_media":0,"comment_status":"","ping_status":"","sticky":false,"template":"","format":"standard","meta":{"footnotes":""},"categories":[1],"tags":[31],"class_list":["post-8711","post","type-post","status-publish","format-standard","hentry","category-comunicati","tag-africa"],"_links":{"self":[{"href":"https:\/\/www.esteri.it\/it\/wp-json\/wp\/v2\/posts\/8711","targetHints":{"allow":["GET"]}}],"collection":[{"href":"https:\/\/www.esteri.it\/it\/wp-json\/wp\/v2\/posts"}],"about":[{"href":"https:\/\/www.esteri.it\/it\/wp-json\/wp\/v2\/types\/post"}],"author":[{"embeddable":true,"href":"https:\/\/www.esteri.it\/it\/wp-json\/wp\/v2\/users\/1"}],"replies":[{"embeddable":true,"href":"https:\/\/www.esteri.it\/it\/wp-json\/wp\/v2\/comments?post=8711"}],"version-history":[{"count":0,"href":"https:\/\/www.esteri.it\/it\/wp-json\/wp\/v2\/posts\/8711\/revisions"}],"wp:attachment":[{"href":"https:\/\/www.esteri.it\/it\/wp-json\/wp\/v2\/media?parent=8711"}],"wp:term":[{"taxonomy":"category","embeddable":true,"href":"https:\/\/www.esteri.it\/it\/wp-json\/wp\/v2\/categories?post=8711"},{"taxonomy":"post_tag","embeddable":true,"href":"https:\/\/www.esteri.it\/it\/wp-json\/wp\/v2\/tags?post=8711"}],"curies":[{"name":"wp","href":"https:\/\/api.w.org\/{rel}","templated":true}]}}