{"id":8726,"date":"2012-02-17T16:02:13","date_gmt":"2012-02-17T15:02:13","guid":{"rendered":"https:\/\/www.esteri.it\/sala_stampa\/archivionotizie\/comunicati\/2012\/02\/20120217_colloquiotel_terzipusic\/"},"modified":"2012-02-17T16:02:13","modified_gmt":"2012-02-17T15:02:13","slug":"20120217_colloquiotel_terzipusic","status":"publish","type":"post","link":"https:\/\/www.esteri.it\/it\/sala_stampa\/archivionotizie\/comunicati\/2012\/02\/20120217_colloquiotel_terzipusic\/","title":{"rendered":"Colloquio telefonico del Ministro Terzi con il Ministro degli Esteri croato Vesna Pusi\u0107"},"content":{"rendered":"<p><P>Il Ministro degli Esteri, Giulio Terzi, ha avuto oggi un colloquio telefonico con il Ministro degli Affari Esteri croato Vesna Pusi\u0107, che ha espresso al titolare della Farnesina il suo vivo ringraziamento, anche a nome del Primo Ministro Zoran Milanovic, per il rapido avvio da parte italiana del processo di ratifica del trattato di adesione della Croazia all\u2019Unione Europea. <\/P><br \/>\n<P>Il capo della diplomazia italiana, ribadendo la volont\u00e0 dell\u2019 Italia di essere tra i primissimi Stati membri a depositare lo strumento di ratifica di un evento storico quale l\u2019ingresso della Croazia nell\u2019 UE, ha evidenziato che anche la ratifica dell\u2019accordo culturale bilaterale sta procedendo con la massima priorit\u00e0.<\/P><br \/>\n<P>I due Ministri hanno concordato di tenersi in stretto contatto, anche nelle sedi comunitarie, dove la Croazia \u00e8 gi\u00e0 presente, partecipando in qualit\u00e0 di osservatore ai lavori del Consiglio, sui temi di comune prioritario interesse, con particolare riguardo alle azioni a tutela delle minoranze religiose.<\/P><\/p>\n","protected":false},"excerpt":{"rendered":"Il Ministro degli Esteri, Giulio Terzi, ha avuto oggi un colloquio telefonico con il Ministro degli Affari Esteri croato Vesna Pusi\u0107, che ha espresso al titolare della Farnesina il suo vivo ringraziamento, anche a nome del Primo Ministro Zoran Milanovic, per il rapido avvio da parte italiana del processo di ratifica del trattato di adesione [&hellip;]","protected":false},"author":1,"featured_media":0,"comment_status":"","ping_status":"","sticky":false,"template":"","format":"standard","meta":{"footnotes":""},"categories":[1],"tags":[9],"class_list":["post-8726","post","type-post","status-publish","format-standard","hentry","category-comunicati","tag-europa"],"_links":{"self":[{"href":"https:\/\/www.esteri.it\/it\/wp-json\/wp\/v2\/posts\/8726","targetHints":{"allow":["GET"]}}],"collection":[{"href":"https:\/\/www.esteri.it\/it\/wp-json\/wp\/v2\/posts"}],"about":[{"href":"https:\/\/www.esteri.it\/it\/wp-json\/wp\/v2\/types\/post"}],"author":[{"embeddable":true,"href":"https:\/\/www.esteri.it\/it\/wp-json\/wp\/v2\/users\/1"}],"replies":[{"embeddable":true,"href":"https:\/\/www.esteri.it\/it\/wp-json\/wp\/v2\/comments?post=8726"}],"version-history":[{"count":0,"href":"https:\/\/www.esteri.it\/it\/wp-json\/wp\/v2\/posts\/8726\/revisions"}],"wp:attachment":[{"href":"https:\/\/www.esteri.it\/it\/wp-json\/wp\/v2\/media?parent=8726"}],"wp:term":[{"taxonomy":"category","embeddable":true,"href":"https:\/\/www.esteri.it\/it\/wp-json\/wp\/v2\/categories?post=8726"},{"taxonomy":"post_tag","embeddable":true,"href":"https:\/\/www.esteri.it\/it\/wp-json\/wp\/v2\/tags?post=8726"}],"curies":[{"name":"wp","href":"https:\/\/api.w.org\/{rel}","templated":true}]}}