{"id":8729,"date":"2012-02-17T12:36:35","date_gmt":"2012-02-17T11:36:35","guid":{"rendered":"https:\/\/www.esteri.it\/sala_stampa\/archivionotizie\/comunicati\/2012\/02\/20120217_terziassembleaonu\/"},"modified":"2012-02-17T12:36:35","modified_gmt":"2012-02-17T11:36:35","slug":"20120217_terziassembleaonu","status":"publish","type":"post","link":"https:\/\/www.esteri.it\/it\/sala_stampa\/archivionotizie\/comunicati\/2012\/02\/20120217_terziassembleaonu\/","title":{"rendered":"Dettaglio comunicato"},"content":{"rendered":"<p><P>&#8220;E\u2019 un segnale importante sul ruolo che le Nazioni Unite e la Lega Araba possono e debbono svolgere per la ricerca di soluzioni alla gravissima crisi in Siria&#8221;. Cos\u00ec il Ministro degli Affari Esteri, Giulio Terzi, ha commentato l\u2019adozione della risoluzione sulla Siria da parte dell\u2019Assemblea Generale delle Nazioni Unite.<\/P><br \/>\n<P>&#8220;Al forte segnale politico che proviene dal massimo organismo multilaterale devono ora seguire evoluzioni concrete&#8221;, aggiunge Terzi, sottolineando che, da parte italiana &#8220;si sta intensificando l\u2019azione di sostegno all\u2019 operato della Lega Araba&#8221; e gli sforzi volti a &#8220;favorire l\u2019 unit\u00e0 delle forze di opposizione siriane&#8221; anche in vista degli importanti appuntamenti diplomatici dei prossimi giorni, tra cui la riunione a Roma del 5+5 e del Foromed e la riunione a Tunisi degli Amici della Siria.<\/P><br \/>\n<P>&#8220;Con il voto di ieri &#8211; prosegue Terzi &#8211; la comunit\u00e0 internazionale ha dimostrato che \u00e8 possibile mobilitarsi per isolare un regime che ha perso ogni credibilit\u00e0 e legittimit\u00e0. L\u2019 Italia -prosegue il titolare della Farnesina- prosegue il suo impegno, in stretto raccordo con i partner internazionali e gli attori regionali, affinch\u00e9 in Siria cessino le inaccettabili violazioni dei diritti umani e si avvii un processo politico che garantisca pacificamente la transizione alla democrazia, restituendo al popolo siriano la libert\u00e0 di decidere del proprio futuro&#8221;.<\/P><\/p>\n","protected":false},"excerpt":{"rendered":"&#8220;E\u2019 un segnale importante sul ruolo che le Nazioni Unite e la Lega Araba possono e debbono svolgere per la ricerca di soluzioni alla gravissima crisi in Siria&#8221;. Cos\u00ec il Ministro degli Affari Esteri, Giulio Terzi, ha commentato l\u2019adozione della risoluzione sulla Siria da parte dell\u2019Assemblea Generale delle Nazioni Unite. &#8220;Al forte segnale politico che [&hellip;]","protected":false},"author":1,"featured_media":0,"comment_status":"","ping_status":"","sticky":false,"template":"","format":"standard","meta":{"footnotes":""},"categories":[1],"tags":[],"class_list":["post-8729","post","type-post","status-publish","format-standard","hentry","category-comunicati"],"_links":{"self":[{"href":"https:\/\/www.esteri.it\/it\/wp-json\/wp\/v2\/posts\/8729","targetHints":{"allow":["GET"]}}],"collection":[{"href":"https:\/\/www.esteri.it\/it\/wp-json\/wp\/v2\/posts"}],"about":[{"href":"https:\/\/www.esteri.it\/it\/wp-json\/wp\/v2\/types\/post"}],"author":[{"embeddable":true,"href":"https:\/\/www.esteri.it\/it\/wp-json\/wp\/v2\/users\/1"}],"replies":[{"embeddable":true,"href":"https:\/\/www.esteri.it\/it\/wp-json\/wp\/v2\/comments?post=8729"}],"version-history":[{"count":0,"href":"https:\/\/www.esteri.it\/it\/wp-json\/wp\/v2\/posts\/8729\/revisions"}],"wp:attachment":[{"href":"https:\/\/www.esteri.it\/it\/wp-json\/wp\/v2\/media?parent=8729"}],"wp:term":[{"taxonomy":"category","embeddable":true,"href":"https:\/\/www.esteri.it\/it\/wp-json\/wp\/v2\/categories?post=8729"},{"taxonomy":"post_tag","embeddable":true,"href":"https:\/\/www.esteri.it\/it\/wp-json\/wp\/v2\/tags?post=8729"}],"curies":[{"name":"wp","href":"https:\/\/api.w.org\/{rel}","templated":true}]}}