{"id":88232,"date":"2022-10-18T10:07:14","date_gmt":"2022-10-18T08:07:14","guid":{"rendered":"https:\/\/www.esteri.it\/?p=88232"},"modified":"2022-10-18T10:07:14","modified_gmt":"2022-10-18T08:07:14","slug":"skopje-mostra-ecosistemi-per-la-giornata-del-contemporaneo","status":"publish","type":"post","link":"https:\/\/www.esteri.it\/it\/sala_stampa\/archivionotizie\/retediplomatica\/2022\/10\/skopje-mostra-ecosistemi-per-la-giornata-del-contemporaneo\/","title":{"rendered":"Skopje: mostra \u201cEcosistemi\u201d per la Giornata del Contemporaneo"},"content":{"rendered":"<p>Su iniziativa dell&#8217;<strong>Ambasciata d&#8217;Italia a Skopje <\/strong>e dell&#8217;<strong>Istituto italiano di cultura di Belgrado<\/strong>, in collaborazione con il <strong>Museo d&#8217;arte contemporanea di Skopje<\/strong>, \u00e8 stata inaugurata nella capitale macedone una mostra dal titolo <strong>\u201cEcosistemi contemporanei: una ricerca tra arte ed ecologia nella Macedonia del Nord\u201d<\/strong>. Ad aprire la rassegna, in occasione della XVIII edizione della <strong>Giornata del Contemporaneo<\/strong>, \u00e8 stato l&#8217;<strong>Ambasciatore d&#8217;Italia Andrea Silvestri<\/strong>, alla presenza del <strong>Presidente<\/strong> macedone <strong>Stevo Pendarovski<\/strong>.<\/p>\n<p>La mostra espone le opere realizzate nell\u2019ambito di un progetto artistico di <strong>Antonio Massaruto<\/strong> e <strong>Roberto Gezzi<\/strong> e rappresenta il culmine della loro ricerca realizzata nel mese di aprile 2022 alle pendici del neonato Parco Nazionale Shar Planina, seguita anche dagli studenti locali del dipartimento di arte e design dell&#8217;<strong>Universit\u00e0 di Tetovo<\/strong>. L\u2019obiettivo del progetto era quello di stimolare la consapevolezza del pubblico sull&#8217;importanza del patrimonio naturale della Macedonia del Nord e di evidenziare il valore artistico della sua biodiversit\u00e0.<\/p>\n<p>Le opere saranno esposte fino al 26 ottobre prossimo, dopodich\u00e9 alcune di esse saranno donate al Museo (che conta gi\u00e0 una significativa donazione di opere italiane contemporanee) nonch\u00e9 alle istituzioni coinvolte nel progetto. Alcune delle installazioni saranno lasciate sul terreno stesso dove sono state create (il monte Shar). La mostra \u00e8 organizzata con il sostegno dei <strong>Ministeri della Cultura, dell&#8217;Ambiente e della Pianificazione territoriale della Macedonia del Nord<\/strong>, e in collaborazione con il <strong>Parco Nazionale del Monte Shar<\/strong>, il <strong>Club di alpinismo di Ljuboten<\/strong> e la <strong>Societ\u00e0 ecologica macedone<\/strong>.<\/p>\n<p>&nbsp;<\/p>\n","protected":false},"excerpt":{"rendered":"Su iniziativa dell&#8217;Ambasciata d&#8217;Italia a Skopje e dell&#8217;Istituto italiano di cultura di Belgrado, in collaborazione con il Museo d&#8217;arte contemporanea di Skopje, \u00e8 stata inaugurata nella capitale macedone una mostra dal titolo \u201cEcosistemi contemporanei: una ricerca tra arte ed ecologia nella Macedonia del Nord\u201d. Ad aprire la rassegna, in occasione della XVIII edizione della Giornata [&hellip;]","protected":false},"author":3,"featured_media":88233,"comment_status":"closed","ping_status":"closed","sticky":false,"template":"","format":"standard","meta":{"footnotes":""},"categories":[20],"tags":[32,9],"class_list":["post-88232","post","type-post","status-publish","format-standard","has-post-thumbnail","hentry","category-retediplomatica","tag-diplomazia-culturale","tag-europa"],"_links":{"self":[{"href":"https:\/\/www.esteri.it\/it\/wp-json\/wp\/v2\/posts\/88232","targetHints":{"allow":["GET"]}}],"collection":[{"href":"https:\/\/www.esteri.it\/it\/wp-json\/wp\/v2\/posts"}],"about":[{"href":"https:\/\/www.esteri.it\/it\/wp-json\/wp\/v2\/types\/post"}],"author":[{"embeddable":true,"href":"https:\/\/www.esteri.it\/it\/wp-json\/wp\/v2\/users\/3"}],"replies":[{"embeddable":true,"href":"https:\/\/www.esteri.it\/it\/wp-json\/wp\/v2\/comments?post=88232"}],"version-history":[{"count":1,"href":"https:\/\/www.esteri.it\/it\/wp-json\/wp\/v2\/posts\/88232\/revisions"}],"predecessor-version":[{"id":88255,"href":"https:\/\/www.esteri.it\/it\/wp-json\/wp\/v2\/posts\/88232\/revisions\/88255"}],"wp:featuredmedia":[{"embeddable":true,"href":"https:\/\/www.esteri.it\/it\/wp-json\/wp\/v2\/media\/88233"}],"wp:attachment":[{"href":"https:\/\/www.esteri.it\/it\/wp-json\/wp\/v2\/media?parent=88232"}],"wp:term":[{"taxonomy":"category","embeddable":true,"href":"https:\/\/www.esteri.it\/it\/wp-json\/wp\/v2\/categories?post=88232"},{"taxonomy":"post_tag","embeddable":true,"href":"https:\/\/www.esteri.it\/it\/wp-json\/wp\/v2\/tags?post=88232"}],"curies":[{"name":"wp","href":"https:\/\/api.w.org\/{rel}","templated":true}]}}