{"id":897,"date":"2021-05-28T17:10:12","date_gmt":"2021-05-28T15:10:12","guid":{"rendered":"https:\/\/www.esteri.it\/sala_stampa\/archivionotizie\/comunicati\/2021\/05\/nota-farnesina-missione-in-sudan-del-direttore-generale-per-gli-italiani-all-estero\/"},"modified":"2021-05-28T17:10:12","modified_gmt":"2021-05-28T15:10:12","slug":"nota-farnesina-missione-in-sudan-del-direttore-generale-per-gli-italiani-all-estero","status":"publish","type":"post","link":"https:\/\/www.esteri.it\/it\/sala_stampa\/archivionotizie\/comunicati\/2021\/05\/nota-farnesina-missione-in-sudan-del-direttore-generale-per-gli-italiani-all-estero\/","title":{"rendered":"NOTA FARNESINA &#8211; Missione in Sudan del Direttore Generale per gli Italiani all\u2019estero"},"content":{"rendered":"<div>La Farnesina e l\u2019Ambasciata d\u2019Italia a Khartoum continuano a seguire con la massima attenzione il caso del connazionale Marco Zennaro arrestato in Sudan a seguito di una controversia commerciale.<\/div>\n<div>A fronte dei contatti gi\u00e0 in corso a tutti i livelli, il Direttore Generale per gli Italiani all\u2019estero e le Politiche migratorie, Luigi Vignali si recher\u00e0 in Sudan luned\u00ec 31 maggio per una missione di due giorni a Khartoum su indicazione del Ministro di Maio per ulteriori colloqui.<\/div>\n<div>Il Direttore Generale incontrer\u00e0 rappresentanti delle Autorit\u00e0 locali, effettuer\u00e0 una ulteriore visita consolare al connazionale ed incontrer\u00e0 i suoi familiari e il suo legale presenti in Sudan.<\/div>\n<div>La missione ha l\u2019obiettivo di sensibilizzare le competenti Autorit\u00e0 sudanesi sulla necessit\u00e0 di una rapida definizione della posizione del cittadino italiano e richiedere la loro collaborazione nel miglioramento delle condizioni di detenzione, nell\u2019attesa di una auspicabilmente rapida conclusione della vicenda.<\/div>\n","protected":false},"excerpt":{"rendered":"La Farnesina e l\u2019Ambasciata d\u2019Italia a Khartoum continuano a seguire con la massima attenzione il caso del connazionale Marco Zennaro arrestato in Sudan a seguito di una controversia commerciale. A fronte dei contatti gi\u00e0 in corso a tutti i livelli, il Direttore Generale per gli Italiani all\u2019estero e le Politiche migratorie, Luigi Vignali si recher\u00e0 [&hellip;]","protected":false},"author":1,"featured_media":0,"comment_status":"","ping_status":"","sticky":false,"template":"","format":"standard","meta":{"footnotes":""},"categories":[1],"tags":[31,25],"class_list":["post-897","post","type-post","status-publish","format-standard","hentry","category-comunicati","tag-africa","tag-farnesina"],"_links":{"self":[{"href":"https:\/\/www.esteri.it\/it\/wp-json\/wp\/v2\/posts\/897","targetHints":{"allow":["GET"]}}],"collection":[{"href":"https:\/\/www.esteri.it\/it\/wp-json\/wp\/v2\/posts"}],"about":[{"href":"https:\/\/www.esteri.it\/it\/wp-json\/wp\/v2\/types\/post"}],"author":[{"embeddable":true,"href":"https:\/\/www.esteri.it\/it\/wp-json\/wp\/v2\/users\/1"}],"replies":[{"embeddable":true,"href":"https:\/\/www.esteri.it\/it\/wp-json\/wp\/v2\/comments?post=897"}],"version-history":[{"count":0,"href":"https:\/\/www.esteri.it\/it\/wp-json\/wp\/v2\/posts\/897\/revisions"}],"wp:attachment":[{"href":"https:\/\/www.esteri.it\/it\/wp-json\/wp\/v2\/media?parent=897"}],"wp:term":[{"taxonomy":"category","embeddable":true,"href":"https:\/\/www.esteri.it\/it\/wp-json\/wp\/v2\/categories?post=897"},{"taxonomy":"post_tag","embeddable":true,"href":"https:\/\/www.esteri.it\/it\/wp-json\/wp\/v2\/tags?post=897"}],"curies":[{"name":"wp","href":"https:\/\/api.w.org\/{rel}","templated":true}]}}