{"id":90655,"date":"2022-11-04T15:25:27","date_gmt":"2022-11-04T14:25:27","guid":{"rendered":"https:\/\/www.esteri.it\/?p=90655"},"modified":"2022-11-04T15:25:27","modified_gmt":"2022-11-04T14:25:27","slug":"incontro-del-segretario-generale-amb-ettore-francesco-sequi-con-la-segretaria-di-stato-al-dipartimento-federale-degli-affari-esteri-svizzero-amb-livia-leu","status":"publish","type":"post","link":"https:\/\/www.esteri.it\/it\/sala_stampa\/archivionotizie\/comunicati\/2022\/11\/incontro-del-segretario-generale-amb-ettore-francesco-sequi-con-la-segretaria-di-stato-al-dipartimento-federale-degli-affari-esteri-svizzero-amb-livia-leu\/","title":{"rendered":"Incontro del Segretario Generale, Amb. Ettore Francesco Sequi, con la Segretaria di Stato al Dipartimento Federale degli Affari Esteri svizzero, Amb. Livia Leu"},"content":{"rendered":"<p>Il Segretario Generale, Amb. Ettore Sequi, ha ricevuto la Segretaria di Stato al Dipartimento federale degli Affari Esteri svizzero, Amb. Livia Leu, nel quadro delle periodiche consultazioni bilaterali tra rispettivi Ministeri degli Esteri.<\/p>\n<p>L\u2019incontro ha consentito di affrontare i principali temi nell\u2019agenda bilaterale, europea e internazionale, confermando la forte convergenza di vedute e la profonda condivisione di valori con un vicino e partner di speciale rilievo.<\/p>\n<p>L\u2019Amb. Sequi e l\u2019Amb. Leu hanno espresso soddisfazione per l\u2019eccellente stato delle relazioni tra Italia e Svizzera, rilevando come l\u2019ampiezza e la profondit\u00e0 dei legami economici, culturali e tra societ\u00e0 civili, sia riflessa in una fittissima rete di intese e di accordi tecnici di impatto positivo e concreto per cittadini e imprese. Il Segretario Generale e la Segretaria di Stato hanno evidenziato la centralit\u00e0 della collaborazione transfrontaliera e il ruolo di impulso offerto dai diversi formati di collaborazione bilaterale, tra cui il Forum di Dialogo, il Dialogo Transfrontaliero, il Dialogo Economico.<\/p>\n<p>Entrambi hanno concordato sulle potenzialit\u00e0 di ulteriore crescita del rapporto italo-svizzero, specie alla luce della condivisa priorit\u00e0 attribuita ai temi della sostenibilit\u00e0, dell\u2019innovazione tecnologica e dell\u2019utilizzo di fonti energetiche rinnovabili. Questi temi sono al centro della candidatura di Roma Expo 2030, che l\u2019Amb. Sequi ha illustrato quale grande opportunit\u00e0 anche per la Svizzera.<\/p>\n<p>Nel corso del colloquio \u00e8 stato approfondito il tema della guerra in Ucraina e delle sue conseguenze di natura politica, economica, energetica e sociale per l\u2019Europa e a livello internazionale. Il Segretario Generale ha sottolineato l\u2019apprezzamento italiano per l\u2019allineamento svizzero alle sanzioni alla Russia adottate dall\u2019UE e per le iniziative svizzere in favore della ricostruzione dell\u2019Ucraina, oggetto della Conferenza di Lugano. Nel ribadire la pi\u00f9 ferma condanna per l\u2019aggressione perpetrata ai danni dell\u2019Ucraina, l\u2019Amb. Sequi e l\u2019Amb. Leu hanno espresso preoccupazione per le recenti dinamiche escalatorie scatenate da Mosca e per le ripercussioni della crisi sul piano umanitario, della sicurezza alimentare e della stabilit\u00e0, anche nell\u2019area dei Balcani.<\/p>\n<p>L\u2019incontro ha permesso al Segretario Generale di raccogliere valutazioni aggiornate da parte della Segretaria di Stato Leu in merito alle priorit\u00e0 della Svizzera nel prossimo mandato di membro non permanente nel Consiglio di Sicurezza delle Nazioni Unite, cos\u00ec come sui rapporti tra Berna e l\u2019Unione Europea.<\/p>\n<p>&nbsp;<\/p>\n","protected":false},"excerpt":{"rendered":"Il Segretario Generale, Amb. Ettore Sequi, ha ricevuto la Segretaria di Stato al Dipartimento federale degli Affari Esteri svizzero, Amb. Livia Leu, nel quadro delle periodiche consultazioni bilaterali tra rispettivi Ministeri degli Esteri. L\u2019incontro ha consentito di affrontare i principali temi nell\u2019agenda bilaterale, europea e internazionale, confermando la forte convergenza di vedute e la profonda [&hellip;]","protected":false},"author":3,"featured_media":0,"comment_status":"closed","ping_status":"closed","sticky":false,"template":"","format":"standard","meta":{"footnotes":""},"categories":[1],"tags":[9,402],"class_list":["post-90655","post","type-post","status-publish","format-standard","hentry","category-comunicati","tag-europa","tag-segretari-generali-precedenti"],"_links":{"self":[{"href":"https:\/\/www.esteri.it\/it\/wp-json\/wp\/v2\/posts\/90655","targetHints":{"allow":["GET"]}}],"collection":[{"href":"https:\/\/www.esteri.it\/it\/wp-json\/wp\/v2\/posts"}],"about":[{"href":"https:\/\/www.esteri.it\/it\/wp-json\/wp\/v2\/types\/post"}],"author":[{"embeddable":true,"href":"https:\/\/www.esteri.it\/it\/wp-json\/wp\/v2\/users\/3"}],"replies":[{"embeddable":true,"href":"https:\/\/www.esteri.it\/it\/wp-json\/wp\/v2\/comments?post=90655"}],"version-history":[{"count":1,"href":"https:\/\/www.esteri.it\/it\/wp-json\/wp\/v2\/posts\/90655\/revisions"}],"predecessor-version":[{"id":90656,"href":"https:\/\/www.esteri.it\/it\/wp-json\/wp\/v2\/posts\/90655\/revisions\/90656"}],"wp:attachment":[{"href":"https:\/\/www.esteri.it\/it\/wp-json\/wp\/v2\/media?parent=90655"}],"wp:term":[{"taxonomy":"category","embeddable":true,"href":"https:\/\/www.esteri.it\/it\/wp-json\/wp\/v2\/categories?post=90655"},{"taxonomy":"post_tag","embeddable":true,"href":"https:\/\/www.esteri.it\/it\/wp-json\/wp\/v2\/tags?post=90655"}],"curies":[{"name":"wp","href":"https:\/\/api.w.org\/{rel}","templated":true}]}}