{"id":9079,"date":"2021-03-08T09:42:38","date_gmt":"2021-03-08T08:42:38","guid":{"rendered":"https:\/\/www.esteri.it\/sala_stampa\/archivionotizie\/comunicati\/2021\/03\/messaggio-del-ministro-di-maio-per-la-giornata-internazionale-della-donna\/"},"modified":"2021-03-08T09:42:38","modified_gmt":"2021-03-08T08:42:38","slug":"messaggio-del-ministro-di-maio-per-la-giornata-internazionale-della-donna","status":"publish","type":"post","link":"https:\/\/www.esteri.it\/it\/sala_stampa\/archivionotizie\/approfondimenti\/2021\/03\/messaggio-del-ministro-di-maio-per-la-giornata-internazionale-della-donna\/","title":{"rendered":"Messaggio del Ministro Di Maio per la Giornata internazionale della donna"},"content":{"rendered":"<p>Oggi, 8 marzo, Giornata internazionale della donna, il mio pensiero va a tutte le donne della Farnesina che quotidianamente contribuiscono con entusiasmo, dedizione e passione, a Roma come all\u2019estero, allo svolgimento della nostra missione.<\/p>\n<p>Specialmente in quest\u2019ultimo anno difficilissimo, profondamente segnato dalla pandemia da COVID-19, \u00e8 doveroso sottolineare l\u2019importanza di questa celebrazione per tutti coloro che, senza distinzioni, si riconoscono nello stesso patrimonio valoriale. Un patrimonio che ci consente di progredire verso una societ\u00e0 pi\u00f9 equilibrata, armonica, rispettosa della diversit\u00e0, dei meriti, in definitiva pi\u00f9 giusta e inclusiva.<\/p>\n<p>Il Ministero \u00e8 costantemente impegnato nel perseguimento degli obiettivi delle pari opportunit\u00e0 e della parit\u00e0 di genere. Si tratta di indicatori fondamentali di modernit\u00e0 ed efficienza dell\u2019azione della Farnesina e della Pubblica Amministrazione in generale e, al tempo stesso, di principi ispiratori della nostra azione a livello internazionale. Sono obiettivi centrali e, oggi, specifica priorit\u00e0 della Presidenza italiana G20 come del nostro mandato triennale al Consiglio per i Diritti Umani dell\u2019ONU.<\/p>\n<p>Sono obiettivi che la Farnesina sostiene con convinzione e promuove attivamente sul campo &#8211; anche in aree remote e di crisi &#8211; attraverso numerosi programmi della Cooperazione allo Sviluppo. Strumenti concreti nella lotta contro ogni forma di violenza e di discriminazione verso le donne e a beneficio di una reale parit\u00e0 di genere e dell\u2019empowerment femminile.<\/p>\n<p>L\u2019emergenza pandemica, imponendoci di ridefinire modalit\u00e0 relazionali e lavorative, ha messo in evidenza il tema della conciliazione vita privata\u2013lavoro. Questo ci ha spinti a intensificare l\u2019impegno a eliminare ogni forma di discriminazione, a rafforzare la tutela della genitorialit\u00e0, a promuovere un costante miglioramento dei metodi di lavoro.<\/p>\n<p>Questo 8 marzo, mi sembra, dunque, l\u2019occasione migliore per celebrare il contributo offerto alla nostra azione dalla componente femminile del nostro Ministero, ma soprattutto per riflettere e ragionare assieme, uomini e donne, su questi obiettivi, in un\u2019ottica costruttiva e innovativa, capace di essere guida e stimolo al cambiamento.<\/p>\n<p>Buon otto marzo a tutte le donne della Farnesina!<\/p>\n<p>Buon otto marzo a tutte e tutti!<\/p>\n","protected":false},"excerpt":{"rendered":"Oggi, 8 marzo, Giornata internazionale della donna, il mio pensiero va a tutte le donne della Farnesina che quotidianamente contribuiscono con entusiasmo, dedizione e passione, a Roma come all\u2019estero, allo svolgimento della nostra missione. Specialmente in quest\u2019ultimo anno difficilissimo, profondamente segnato dalla pandemia da COVID-19, \u00e8 doveroso sottolineare l\u2019importanza di questa celebrazione per tutti coloro [&hellip;]","protected":false},"author":1,"featured_media":0,"comment_status":"","ping_status":"","sticky":false,"template":"","format":"standard","meta":{"footnotes":""},"categories":[2],"tags":[25,76],"class_list":["post-9079","post","type-post","status-publish","format-standard","hentry","category-approfondimenti","tag-farnesina","tag-ministri-precedenti"],"_links":{"self":[{"href":"https:\/\/www.esteri.it\/it\/wp-json\/wp\/v2\/posts\/9079","targetHints":{"allow":["GET"]}}],"collection":[{"href":"https:\/\/www.esteri.it\/it\/wp-json\/wp\/v2\/posts"}],"about":[{"href":"https:\/\/www.esteri.it\/it\/wp-json\/wp\/v2\/types\/post"}],"author":[{"embeddable":true,"href":"https:\/\/www.esteri.it\/it\/wp-json\/wp\/v2\/users\/1"}],"replies":[{"embeddable":true,"href":"https:\/\/www.esteri.it\/it\/wp-json\/wp\/v2\/comments?post=9079"}],"version-history":[{"count":0,"href":"https:\/\/www.esteri.it\/it\/wp-json\/wp\/v2\/posts\/9079\/revisions"}],"wp:attachment":[{"href":"https:\/\/www.esteri.it\/it\/wp-json\/wp\/v2\/media?parent=9079"}],"wp:term":[{"taxonomy":"category","embeddable":true,"href":"https:\/\/www.esteri.it\/it\/wp-json\/wp\/v2\/categories?post=9079"},{"taxonomy":"post_tag","embeddable":true,"href":"https:\/\/www.esteri.it\/it\/wp-json\/wp\/v2\/tags?post=9079"}],"curies":[{"name":"wp","href":"https:\/\/api.w.org\/{rel}","templated":true}]}}