{"id":9218,"date":"2020-09-11T10:23:50","date_gmt":"2020-09-11T08:23:50","guid":{"rendered":"https:\/\/www.esteri.it\/sala_stampa\/archivionotizie\/comunicati\/2020\/09\/conversazione-telefonica-con-il-mae-turco-mevluet-cavusoglu\/"},"modified":"2020-09-11T10:23:50","modified_gmt":"2020-09-11T08:23:50","slug":"conversazione-telefonica-con-il-mae-turco-mevluet-cavusoglu","status":"publish","type":"post","link":"https:\/\/www.esteri.it\/it\/sala_stampa\/archivionotizie\/approfondimenti\/2020\/09\/conversazione-telefonica-con-il-mae-turco-mevluet-cavusoglu\/","title":{"rendered":"Conversazione telefonica con il MAE turco Mevl\u00fct \u00c7avu\u015fo\u011flu"},"content":{"rendered":"<p>Il Ministro degli Affari Esteri Luigi Di Maio ha avuto una conversazione telefonica con l\u2019omologo turco Mevl\u00fct \u00c7avu\u015fo\u011flu, durante il quale i due Ministri hanno discusso della situazione nel Mediterraneo Orientale e della crisi libica.<\/p>\n<p>\u00a0<\/p>\n<p><a href=\"https:\/\/twitter.com\/ItalyMFA\/status\/1304125770047148032?s=20\"><img loading=\"lazy\" decoding=\"async\" src=\"https:\/\/www.esteri.it\/mae\/resource\/img\/2020\/09\/turco.jpg\" width=\"600\" height=\"481\" alt=\"turco\" style=\"display: block; margin-left: auto; margin-right: auto;\" \/><\/a><\/p>\n","protected":false},"excerpt":{"rendered":"Il Ministro degli Affari Esteri Luigi Di Maio ha avuto una conversazione telefonica con l\u2019omologo turco Mevl\u00fct \u00c7avu\u015fo\u011flu, durante il quale i due Ministri hanno discusso della situazione nel Mediterraneo Orientale e della crisi libica. \u00a0","protected":false},"author":1,"featured_media":0,"comment_status":"","ping_status":"","sticky":false,"template":"","format":"standard","meta":{"footnotes":""},"categories":[2],"tags":[9,6,76],"class_list":["post-9218","post","type-post","status-publish","format-standard","hentry","category-approfondimenti","tag-europa","tag-mediterraneo-e-medio-oriente","tag-ministri-precedenti"],"_links":{"self":[{"href":"https:\/\/www.esteri.it\/it\/wp-json\/wp\/v2\/posts\/9218","targetHints":{"allow":["GET"]}}],"collection":[{"href":"https:\/\/www.esteri.it\/it\/wp-json\/wp\/v2\/posts"}],"about":[{"href":"https:\/\/www.esteri.it\/it\/wp-json\/wp\/v2\/types\/post"}],"author":[{"embeddable":true,"href":"https:\/\/www.esteri.it\/it\/wp-json\/wp\/v2\/users\/1"}],"replies":[{"embeddable":true,"href":"https:\/\/www.esteri.it\/it\/wp-json\/wp\/v2\/comments?post=9218"}],"version-history":[{"count":0,"href":"https:\/\/www.esteri.it\/it\/wp-json\/wp\/v2\/posts\/9218\/revisions"}],"wp:attachment":[{"href":"https:\/\/www.esteri.it\/it\/wp-json\/wp\/v2\/media?parent=9218"}],"wp:term":[{"taxonomy":"category","embeddable":true,"href":"https:\/\/www.esteri.it\/it\/wp-json\/wp\/v2\/categories?post=9218"},{"taxonomy":"post_tag","embeddable":true,"href":"https:\/\/www.esteri.it\/it\/wp-json\/wp\/v2\/tags?post=9218"}],"curies":[{"name":"wp","href":"https:\/\/api.w.org\/{rel}","templated":true}]}}