{"id":9276,"date":"2020-07-03T15:42:49","date_gmt":"2020-07-03T13:42:49","guid":{"rendered":"https:\/\/www.esteri.it\/sala_stampa\/archivionotizie\/comunicati\/2020\/07\/brasile-un-webinar-su-opportunita-per-aziende-italiane\/"},"modified":"2020-07-03T15:42:49","modified_gmt":"2020-07-03T13:42:49","slug":"brasile-un-webinar-su-opportunita-per-aziende-italiane","status":"publish","type":"post","link":"https:\/\/www.esteri.it\/it\/sala_stampa\/archivionotizie\/approfondimenti\/2020\/07\/brasile-un-webinar-su-opportunita-per-aziende-italiane\/","title":{"rendered":"Brasile, un webinar su opportunit\u00e0 per aziende italiane"},"content":{"rendered":"<div><i>Opportunit\u00e0 e sfide nella ripresa delle attivit\u00e0 bilaterali tra Brasile e Italia<\/i>: questo il titolo di un webinar tenutosi lo scorso 30 giugno al quale hanno partecipato\u00a0l&#8217;Ambasciatore d&#8217;Italia in Brasile, Francesco Azzarello, il Presidente della Camera italo-brasiliana di Commercio, Industria e Agricoltura di San Paolo (Italcam), Graziano Messana, il Presidente dell&#8217;Agenzia statale Invest SP, Wilson Mello, ed il Direttore titolare del Dipartimento per le Relazioni Internazionali ed il Commercio Estero di Fiesp (Federazione delle Industrie dello Stato di San Paolo), Thomaz Zanotto.\u00a0<\/div>\n<div align=\"justify\">\u00a0<\/div>\n<div align=\"justify\">Nelle parole dell&#8217;Ambasciatore Azzarello, settori quali l&#8217;infrastruttura, l&#8217;agroalimentare, la salute, l\u2019e-commerce e gli accordi tra grandi rivenditori sono tra i pi\u00f9 promettenti. \u201cLa solidit\u00e0 del rapporto con lo Stato di San Paolo e la volont\u00e0 di avanzare sempre pi\u00f9 mi sembrano testimoniati, oggi, da un dibattito che coinvolge alcune delle realt\u00e0 pi\u00f9 accreditate di San Paolo in materia economico-industriale e commerciale: Invest SP, Fiesp e Camera di Commercio italiana\u201d, ha affermato.<\/div>\n<div align=\"justify\">\u00a0<\/div>\n<div align=\"justify\">La sicurezza legale offerta dallo Stato ed il buon livello dell\u2019infrastruttura sono tra i motivi che continuano ad attrarre aziende italiane, secondo quanto affermato dal Presidente di Italcam, Messana. A suo avviso,\u00a0il momento \u00e8 molto favorevole, soprattutto per le aziende che stanno promuovendo la conversione digitale e l&#8217;e-commerce: &#8220;Questo \u00e8 il caso di Intimissimi, che \u00e8 cresciuto del 400% durante la pandemia e ha gi\u00e0 annunciato l\u2019apertura di nuovi negozi fisici dopo la quarantena&#8221;. Messana ha precisato, inoltre, che\u00a0il tasso di cambio favorevole aiuta le aziende italiane a posizionarsi in Brasile. &#8220;Il mercato qui \u00e8 molto pi\u00f9 promettente rispetto al mercato interno italiano&#8221;, ha detto.<\/div>\n<div align=\"justify\">\u00a0<\/div>\n<div align=\"justify\">L&#8217;ottimismo \u00e8 condiviso anche dal presidente di Invest SP. Mello ha ricordato che nelle ultime settimane sono stati annunciati due progetti con il potenziale di generare 200 nuovi posti di lavoro: &#8220;Abbiamo sul radar altri sei progetti che dovrebbero essere annunciati nei prossimi mesi, per un totale di pi\u00f9 R$ 550 milioni e che genereranno quasi 800 nuovi posti di lavoro&#8221;.\u00a0<\/div>\n","protected":false},"excerpt":{"rendered":"Opportunit\u00e0 e sfide nella ripresa delle attivit\u00e0 bilaterali tra Brasile e Italia: questo il titolo di un webinar tenutosi lo scorso 30 giugno al quale hanno partecipato\u00a0l&#8217;Ambasciatore d&#8217;Italia in Brasile, Francesco Azzarello, il Presidente della Camera italo-brasiliana di Commercio, Industria e Agricoltura di San Paolo (Italcam), Graziano Messana, il Presidente dell&#8217;Agenzia statale Invest SP, Wilson [&hellip;]","protected":false},"author":1,"featured_media":0,"comment_status":"","ping_status":"","sticky":false,"template":"","format":"standard","meta":{"footnotes":""},"categories":[2],"tags":[398,3],"class_list":["post-9276","post","type-post","status-publish","format-standard","hentry","category-approfondimenti","tag-america-latina-e-caraibi","tag-diplomazia-economica"],"_links":{"self":[{"href":"https:\/\/www.esteri.it\/it\/wp-json\/wp\/v2\/posts\/9276","targetHints":{"allow":["GET"]}}],"collection":[{"href":"https:\/\/www.esteri.it\/it\/wp-json\/wp\/v2\/posts"}],"about":[{"href":"https:\/\/www.esteri.it\/it\/wp-json\/wp\/v2\/types\/post"}],"author":[{"embeddable":true,"href":"https:\/\/www.esteri.it\/it\/wp-json\/wp\/v2\/users\/1"}],"replies":[{"embeddable":true,"href":"https:\/\/www.esteri.it\/it\/wp-json\/wp\/v2\/comments?post=9276"}],"version-history":[{"count":0,"href":"https:\/\/www.esteri.it\/it\/wp-json\/wp\/v2\/posts\/9276\/revisions"}],"wp:attachment":[{"href":"https:\/\/www.esteri.it\/it\/wp-json\/wp\/v2\/media?parent=9276"}],"wp:term":[{"taxonomy":"category","embeddable":true,"href":"https:\/\/www.esteri.it\/it\/wp-json\/wp\/v2\/categories?post=9276"},{"taxonomy":"post_tag","embeddable":true,"href":"https:\/\/www.esteri.it\/it\/wp-json\/wp\/v2\/tags?post=9276"}],"curies":[{"name":"wp","href":"https:\/\/api.w.org\/{rel}","templated":true}]}}