{"id":9465,"date":"2020-04-03T13:30:31","date_gmt":"2020-04-03T11:30:31","guid":{"rendered":"https:\/\/www.esteri.it\/sala_stampa\/archivionotizie\/comunicati\/2020\/04\/hanoi-88-mila-mascherine-e-materiale-sanitario-per-l-italia\/"},"modified":"2020-04-03T13:30:31","modified_gmt":"2020-04-03T11:30:31","slug":"hanoi-88-mila-mascherine-e-materiale-sanitario-per-l-italia","status":"publish","type":"post","link":"https:\/\/www.esteri.it\/it\/sala_stampa\/archivionotizie\/approfondimenti\/2020\/04\/hanoi-88-mila-mascherine-e-materiale-sanitario-per-l-italia\/","title":{"rendered":"Hanoi: 88 mila mascherine e materiale sanitario per l&#8217;Italia"},"content":{"rendered":"<p>E\u2019 partito dal Vietnam un carico di 88.000 mascherine e altro materiale sanitario raccolto da istituzioni, associazioni, imprese e singoli cittadini per esprimere solidariet\u00e0 all\u2019Italia e fornire un concreto aiuto in questo difficile momento. Si tratta di un\u2019ulteriore prova di amicizia tra i due Paesi, nei quali \u00e8 sempre vivo il ricordo di Carlo Urbani, epidemiologo italiano dell\u2019Organizzazione Mondiale della Sanit\u00e0 che sacrific\u00f2 la sua vita nel 2003 per impedire la diffusione della SARS in Vietnam.&#8221;Ringraziamo di cuore gli amici vietnamiti per questo importante\u00a0gesto&#8221; ha dichiarato l&#8217;Ambasciatore d&#8217;Italia in Vietnam, Antonio Alessandro. &#8221;Nel momento in cui il nostro Paese si trova ad affrontare un\u2019emergenza senza precedenti &#8211; ha aggiunto l&#8217;Ambasciatore &#8211;\u00a0il Vietnam si conferma un partner strategico e dimostra la sua vicinanza con aiuti concreti e con un forte messaggio di riconoscenza per il passato e fiducia nel futuro&#8221;.\u00a0\u00a0<\/p>\n<p>Il Ministro vietnamita della Pubblica Sicurezza To Lam, da parte sua, ha scritto al Ministro dell\u2019Interno italiano, Luciana Lamorgese, un affettuoso messaggio di accompagnamento al materiale offerto dal suo Ministero: \u201cInsieme a tutto il personale e agli ufficiali del Ministero della Pubblica Sicurezza &#8211; dice nel messaggio\u00a0il ministro vietnamita &#8211;\u00a0vorrei inviare i nostri pi\u00f9 profondi sentimenti di vicinanza e condivisione al Governo e al popolo italiano per le difficolt\u00e0 e le sfide che state affrontando&#8221;. Il carico arriver\u00e0 stasera a Milano Malpensa, da dove sar\u00e0 distribuito in varie parti d\u2019Italia in raccordo con la Protezione Civile. Alla spedizione si aggiungono versamenti in denaro per alcune istituzioni sanitarie italiane.<\/p>\n","protected":false},"excerpt":{"rendered":"E\u2019 partito dal Vietnam un carico di 88.000 mascherine e altro materiale sanitario raccolto da istituzioni, associazioni, imprese e singoli cittadini per esprimere solidariet\u00e0 all\u2019Italia e fornire un concreto aiuto in questo difficile momento. Si tratta di un\u2019ulteriore prova di amicizia tra i due Paesi, nei quali \u00e8 sempre vivo il ricordo di Carlo Urbani, [&hellip;]","protected":false},"author":1,"featured_media":0,"comment_status":"","ping_status":"","sticky":false,"template":"","format":"standard","meta":{"footnotes":""},"categories":[2],"tags":[45,37],"class_list":["post-9465","post","type-post","status-publish","format-standard","hentry","category-approfondimenti","tag-asia-e-oceania","tag-covid-19"],"_links":{"self":[{"href":"https:\/\/www.esteri.it\/it\/wp-json\/wp\/v2\/posts\/9465","targetHints":{"allow":["GET"]}}],"collection":[{"href":"https:\/\/www.esteri.it\/it\/wp-json\/wp\/v2\/posts"}],"about":[{"href":"https:\/\/www.esteri.it\/it\/wp-json\/wp\/v2\/types\/post"}],"author":[{"embeddable":true,"href":"https:\/\/www.esteri.it\/it\/wp-json\/wp\/v2\/users\/1"}],"replies":[{"embeddable":true,"href":"https:\/\/www.esteri.it\/it\/wp-json\/wp\/v2\/comments?post=9465"}],"version-history":[{"count":0,"href":"https:\/\/www.esteri.it\/it\/wp-json\/wp\/v2\/posts\/9465\/revisions"}],"wp:attachment":[{"href":"https:\/\/www.esteri.it\/it\/wp-json\/wp\/v2\/media?parent=9465"}],"wp:term":[{"taxonomy":"category","embeddable":true,"href":"https:\/\/www.esteri.it\/it\/wp-json\/wp\/v2\/categories?post=9465"},{"taxonomy":"post_tag","embeddable":true,"href":"https:\/\/www.esteri.it\/it\/wp-json\/wp\/v2\/tags?post=9465"}],"curies":[{"name":"wp","href":"https:\/\/api.w.org\/{rel}","templated":true}]}}