{"id":95501,"date":"2023-01-27T12:20:11","date_gmt":"2023-01-27T11:20:11","guid":{"rendered":"https:\/\/www.esteri.it\/?p=95501"},"modified":"2023-01-27T12:20:11","modified_gmt":"2023-01-27T11:20:11","slug":"lisbona-omaggio-al-giusto-padre-joaquim-carreira","status":"publish","type":"post","link":"https:\/\/www.esteri.it\/it\/sala_stampa\/archivionotizie\/retediplomatica\/2023\/01\/lisbona-omaggio-al-giusto-padre-joaquim-carreira\/","title":{"rendered":"Lisbona, omaggio al \u201cGiusto\u201d padre Joaquim Carreira"},"content":{"rendered":"<p>In occasione del Giorno della Memoria, l&#8217;Ambasciata d&#8217;Italia in Portogallo, l\u2019Istituto Italiano di Cultura e l\u2019Associazione Hagad\u00e1\u2013Tikv\u00e1 annunciano che, presso il Museo Ebraico di Lisbona, si terr\u00e0 un concerto del trio di corde Artemisia String Trio. L\u2019evento rappresenta un omaggio al parroco portoghese Joaquim Carreira, al quale nel 2015 \u00e8 stato assegnato il titolo postumo di \u201cGiusto tra le Nazioni\u201d per aver protetto e salvato dalla deportazione centinaia di ebrei italiani durante la Seconda Guerra Mondiale, mentre era Rettore del Pontificio Collegio Portoghese di Roma.<\/p>\n<p>Lo spettacolo sar\u00e0 aperto da un intervento dell&#8217;Ambasciatore d&#8217;Italia in Portogallo, Carlo Formosa, e vedr\u00e0 la partecipazione della nota scrittrice e giornalista Esther Mucznik, Presidente dell&#8217;Associazione Hagad\u00e1 specializzata sui temi dell\u2019Olocausto e della Shoah, oltre che del Direttore dell&#8217;Istituto Italiano di Cultura, Stefano Scaramuzzino.<\/p>\n<p>\u201cRaccontare la profonda amicizia tra Italia e Portogallo non solo nella quotidianit\u00e0 delle nostre relazioni bilaterali, ma anche nell\u2019eccezionalit\u00e0 dei momenti pi\u00f9 drammatici della nostra Storia collettiva \u00e8 uno dei principali obiettivi della mia missione\u201d ha dichiarato l\u2019Ambasciatore Formosa nel presentare l\u2019iniziativa.<\/p>\n<p>Oltre al concerto, durante la sua permanenza a Lisbona, l\u2019Artemisia String Trio prender\u00e0 parte alle registrazioni di un documentario dedicato a Padre Carreira e che conterr\u00e0 interviste alla Direttrice dell\u2019Archivio Storico della Comunit\u00e0 Ebraica di Roma, Silvia Haia Antonucci, alla responsabile dell\u2019Archivio Storico della Fondazione Centro di Documentazione Ebraica Contemporanea di Milano, Laura Brazzo, nonch\u00e9 allo storico Andrea Riccardi, e all\u2019ultimo rifugiato ancora in vita salvato da Padre Joaquim, Luigi Priolo.<\/p>\n","protected":false},"excerpt":{"rendered":"In occasione del Giorno della Memoria, l&#8217;Ambasciata d&#8217;Italia in Portogallo, l\u2019Istituto Italiano di Cultura e l\u2019Associazione Hagad\u00e1\u2013Tikv\u00e1 annunciano che, presso il Museo Ebraico di Lisbona, si terr\u00e0 un concerto del trio di corde Artemisia String Trio. L\u2019evento rappresenta un omaggio al parroco portoghese Joaquim Carreira, al quale nel 2015 \u00e8 stato assegnato il titolo postumo [&hellip;]","protected":false},"author":3,"featured_media":95502,"comment_status":"closed","ping_status":"closed","sticky":false,"template":"","format":"standard","meta":{"footnotes":""},"categories":[20],"tags":[32,9],"class_list":["post-95501","post","type-post","status-publish","format-standard","has-post-thumbnail","hentry","category-retediplomatica","tag-diplomazia-culturale","tag-europa"],"_links":{"self":[{"href":"https:\/\/www.esteri.it\/it\/wp-json\/wp\/v2\/posts\/95501","targetHints":{"allow":["GET"]}}],"collection":[{"href":"https:\/\/www.esteri.it\/it\/wp-json\/wp\/v2\/posts"}],"about":[{"href":"https:\/\/www.esteri.it\/it\/wp-json\/wp\/v2\/types\/post"}],"author":[{"embeddable":true,"href":"https:\/\/www.esteri.it\/it\/wp-json\/wp\/v2\/users\/3"}],"replies":[{"embeddable":true,"href":"https:\/\/www.esteri.it\/it\/wp-json\/wp\/v2\/comments?post=95501"}],"version-history":[{"count":1,"href":"https:\/\/www.esteri.it\/it\/wp-json\/wp\/v2\/posts\/95501\/revisions"}],"predecessor-version":[{"id":95504,"href":"https:\/\/www.esteri.it\/it\/wp-json\/wp\/v2\/posts\/95501\/revisions\/95504"}],"wp:featuredmedia":[{"embeddable":true,"href":"https:\/\/www.esteri.it\/it\/wp-json\/wp\/v2\/media\/95502"}],"wp:attachment":[{"href":"https:\/\/www.esteri.it\/it\/wp-json\/wp\/v2\/media?parent=95501"}],"wp:term":[{"taxonomy":"category","embeddable":true,"href":"https:\/\/www.esteri.it\/it\/wp-json\/wp\/v2\/categories?post=95501"},{"taxonomy":"post_tag","embeddable":true,"href":"https:\/\/www.esteri.it\/it\/wp-json\/wp\/v2\/tags?post=95501"}],"curies":[{"name":"wp","href":"https:\/\/api.w.org\/{rel}","templated":true}]}}