{"id":975,"date":"2021-05-06T18:51:48","date_gmt":"2021-05-06T16:51:48","guid":{"rendered":"https:\/\/www.esteri.it\/sala_stampa\/archivionotizie\/comunicati\/2021\/05\/iran-sereni-fondamentale-rilanciare-accordo-sul-nucleare\/"},"modified":"2021-05-06T18:51:48","modified_gmt":"2021-05-06T16:51:48","slug":"iran-sereni-fondamentale-rilanciare-accordo-sul-nucleare","status":"publish","type":"post","link":"https:\/\/www.esteri.it\/it\/sala_stampa\/archivionotizie\/comunicati\/2021\/05\/iran-sereni-fondamentale-rilanciare-accordo-sul-nucleare\/","title":{"rendered":"Iran: Sereni, fondamentale rilanciare accordo sul nucleare"},"content":{"rendered":"<p>\u201cIl JCPoA, l\u2019Accordo sul nucleare iraniano, come ha dimostrato il monitoraggio dell\u2019Agenzia internazionale per l\u2019energia atomica, si \u00e8 rivelato efficace ai fini della non proliferazione nucleare e della sicurezza della regione mediorientale\u201d. Lo dichiara la Vice Ministra degli Esteri Marina Sereni al panel del convegno The State of The Union dedicato al tema: \u201cEngaging Iran \u2013 European and transatlantic perspectives on the JCPOA and security in the Gulf\u201d, promosso da MAECI e ISPI, nell\u2019ambito di MED-Dialogues 2021.<\/p>\n<p>\u201cPer queste ragioni salutiamo positivamente &#8211; ha proseguito Sereni &#8211; il fatto che sia gli Stati Uniti che l\u2019Iran abbiano entrambi dichiarato di voler tornare all\u2019Accordo e alla sua piena applicazione. Anche sotto questo profilo il nuovo approccio dell\u2019amministrazione Biden conferma il riallineamento tra le due sponde dell&#8217;Atlantico su temi cruciali. La sequenza delle misure da adottare per ripristinare il JCPoA rappresenta il punto pi\u00f9 delicato su cui la diplomazia si deve esercitare. Alcune recenti decisioni iraniane sul programma nucleare rischiano purtroppo di mettere a repentaglio il possibile progresso dei negoziati. Un dialogo efficace richiede la chiara volont\u00e0 politica da parte dell\u2019Iran di corrispondere pienamente agli obblighi derivanti dal JCPoA.\u00a0 In questo contesto, &#8211; ha detto ancora la Vice Ministra &#8211; l\u2019Ue sta svolgendo un\u2019importante ruolo nel salvaguardare e rilanciare l\u2019Accordo, e l\u2019Italia sostiene fortemente gli sforzi dell\u2019Alto Rappresentante Borrell, in qualit\u00e0 di coordinatore del JCPoA\u201d.<\/p>\n<p>\u201cSicuramente la ripresa di un\u2019interlocuzione tra Iran e Stati Uniti &#8211; ha spiegato Sereni &#8211; avrebbe un impatto positivo su tutti i contesti di crisi regionali, dallo Yemen alle tensioni nel Golfo, dalla Siria all\u2019Iraq. Nell\u2019area si registrano peraltro segnali incoraggianti, che lasciano intravedere possibili e nuove prospettive di dialogo, come la riconciliazione nel Consiglio di Cooperazione del Golfo e gli Accordi di Abramo. Cos\u00ec come osserviamo interessante tentativi di dialogo tra l\u2019Iran e le monarchie del Golfo. La stabilit\u00e0 geopolitica, la gestione sostenibile delle risorse, la libert\u00e0 e la sicurezza del commercio e della navigazione, senza dimenticare la necessit\u00e0 di rispondere assieme alle sfide globali, a partire dalla pandemia, rappresentano interessi condivisi e obiettivi per tutti. In questo contesto, &#8211; ha concluso Sereni &#8211; un pieno ritorno all\u2019Accordo sul nucleare iraniano sarebbe un\u2019iniezione di fiducia estremamente importante per il futuro dell\u2019area mediorientale\u201d.<\/p>\n","protected":false},"excerpt":{"rendered":"\u201cIl JCPoA, l\u2019Accordo sul nucleare iraniano, come ha dimostrato il monitoraggio dell\u2019Agenzia internazionale per l\u2019energia atomica, si \u00e8 rivelato efficace ai fini della non proliferazione nucleare e della sicurezza della regione mediorientale\u201d. Lo dichiara la Vice Ministra degli Esteri Marina Sereni al panel del convegno The State of The Union dedicato al tema: \u201cEngaging Iran [&hellip;]","protected":false},"author":1,"featured_media":0,"comment_status":"","ping_status":"","sticky":false,"template":"","format":"standard","meta":{"footnotes":""},"categories":[1],"tags":[45,399],"class_list":["post-975","post","type-post","status-publish","format-standard","hentry","category-comunicati","tag-asia-e-oceania","tag-vice-ministri-e-sottosegretari-precedenti"],"_links":{"self":[{"href":"https:\/\/www.esteri.it\/it\/wp-json\/wp\/v2\/posts\/975","targetHints":{"allow":["GET"]}}],"collection":[{"href":"https:\/\/www.esteri.it\/it\/wp-json\/wp\/v2\/posts"}],"about":[{"href":"https:\/\/www.esteri.it\/it\/wp-json\/wp\/v2\/types\/post"}],"author":[{"embeddable":true,"href":"https:\/\/www.esteri.it\/it\/wp-json\/wp\/v2\/users\/1"}],"replies":[{"embeddable":true,"href":"https:\/\/www.esteri.it\/it\/wp-json\/wp\/v2\/comments?post=975"}],"version-history":[{"count":0,"href":"https:\/\/www.esteri.it\/it\/wp-json\/wp\/v2\/posts\/975\/revisions"}],"wp:attachment":[{"href":"https:\/\/www.esteri.it\/it\/wp-json\/wp\/v2\/media?parent=975"}],"wp:term":[{"taxonomy":"category","embeddable":true,"href":"https:\/\/www.esteri.it\/it\/wp-json\/wp\/v2\/categories?post=975"},{"taxonomy":"post_tag","embeddable":true,"href":"https:\/\/www.esteri.it\/it\/wp-json\/wp\/v2\/tags?post=975"}],"curies":[{"name":"wp","href":"https:\/\/api.w.org\/{rel}","templated":true}]}}