{"id":9981,"date":"2018-03-30T17:31:44","date_gmt":"2018-03-30T15:31:44","guid":{"rendered":"https:\/\/www.esteri.it\/sala_stampa\/archivionotizie\/comunicati\/2018\/03\/l-agenda-del-ministro-dal-19-marzo-e-il-primo-aprile\/"},"modified":"2018-03-30T17:31:44","modified_gmt":"2018-03-30T15:31:44","slug":"l-agenda-del-ministro-dal-19-marzo-e-il-primo-aprile","status":"publish","type":"post","link":"https:\/\/www.esteri.it\/it\/sala_stampa\/archivionotizie\/approfondimenti\/2018\/03\/l-agenda-del-ministro-dal-19-marzo-e-il-primo-aprile\/","title":{"rendered":"L\u2019agenda del ministro dal 19 marzo e il primo aprile"},"content":{"rendered":"<p>L\u2019Ue tra Brexit e bilancio e\u00a0 l\u2019incontro con i colleghi tedesco e azero<\/p>\n<p>Un impegno europeo apre la settimana che comincia <strong>\u00a0il 19 marzo<\/strong>:<strong>\u00a0 <\/strong>il ministro Alfano partecipa al Consiglio dei ministri degli esteri dell\u2019Ue a Bruxelles, un appuntamento con un gran numero di temi sul tavolo, dalle elezioni nella Federazione russa all\u2019Ucraina, dalla Siria all\u2019Iran. &#8220;Condividiamo tutti gli stessi sentimenti di frustrazione per il brutale attacco alla Ghuta orientale, in Siria \u2013 ha detto il ministro. Non dobbiamo rinunciare a spingere per l&#8217;attuazione del cessate il fuoco e l&#8217;accesso umanitario. Siamo anche preoccupati dall&#8217;aumento della violenza in altre parti della Siria: \u00e8 necessario vigilare affinch\u00e9 l&#8217;evacuazione dei ribelli non si trasformi in un trasferimento coatto di cittadini\u201d.\u00a0 Il ministro ha anche ricordato che il 24 e il 25 aprile ci sar\u00e0 a Bruxelles una conferenza sulla Siria.\u00a0 \u201cL&#8217;Unione europea \u2013 ha aggiunto\u00a0 &#8211; sta cogliendo l&#8217;occasione per parlare con una sola voce su questi temi: offriamo il nostro contributo come argine al dilagare del conflitto. Queste occasioni ci servono per dire che ci siamo e che abbiamo un&#8217;unica voce&#8221;.<\/p>\n<p>\u00a0\u00a0\u00a0\u00a0<img loading=\"lazy\" decoding=\"async\" style=\"display: block; margin-left: auto; margin-right: auto;\" src=\"https:\/\/www.esteri.it\/mae\/resource\/img\/2018\/03\/1.jpg\" alt=\"1\" width=\"600\" height=\"399\" \/><\/p>\n<p>Sull\u2019Ucraina \u201cc&#8217;\u00e8 preoccupazione per le\u00a0 tensioni sul terreno e le violazioni del cessate il fuoco lungo la linea di contatto nel Donbass\u201d. \u00a0Alfano ha ricordato la sua recente visita in\u00a0 Russia e Ucraina in qualit\u00e0 di \u00a0presidente in esercizio dell&#8217;Osce. &#8220;E&#8217; necessario garantire\u00a0 la sicurezza degli osservatori e l&#8217;efficacia delle\u00a0 operazioni&#8221;,\u00a0 ha detto il ministro, aggiungendo che con i colleghi c\u2019\u00e8 accordo sul fatto che Ucraina e Russia devono superare le divisioni esistenti e facilitare il funzionamento dei meccanismi di \u00a0mediazione.<\/p>\n<p>Tornato a Roma, \u00a0Alfano ha presentato la prima edizione del premio Diplomatia per la Cultura, andato al Ministero degli esteri, all\u2019ambasciata di Francia a Roma e a Fincantieri. \u201cL\u2019Italia \u00e8 una vera superpotenza della cultura. L\u2019attitudine al dialogo, l\u2019approccio rispettoso delle diverse identit\u00e0 culturali, la naturale vocazione per il pluralismo\u00a0 &#8211; ha detto il ministro nella Loggia di Raffaello di Villa Madama \u00a0&#8211; sono gli elementi alla base della nostra diplomazia culturale e in generale dell\u2019azione diplomatica italiana. \u201cDiplomazia culturale e diplomazia economica lavorano fianco a fianco\u201d, \u00a0ha aggiunto, ricordando che la \u00a0Farnesina, con la sua rete diplomatico-consolare e gli Istituti di Cultura, ha realizzato nel 2017 oltre 7.000 iniziative di promozione integrata. \u201cSe l\u2019export italiano \u00e8 cresciuto del 7,4%, toccando quasi i 450 miliardi di euro, \u00e8 merito anche della diffusione del nostro brand, e dei concetti di bellezza, creativit\u00e0 e capacit\u00e0 tecnologica che vi sono associati\u201d.<\/p>\n<p>\u00a0<\/p>\n<p><img loading=\"lazy\" decoding=\"async\" style=\"display: block; margin-left: auto; margin-right: auto;\" src=\"https:\/\/www.esteri.it\/mae\/resource\/img\/2018\/03\/2.jpg\" alt=\"2\" width=\"600\" height=\"399\" \/><\/p>\n<p>\u00a0<\/p>\n<p><strong>Marted\u00ec 20 marzo<\/strong>\u00a0 \u00e8 stato il giorno del ricordo della tragedia di Freginals, la localit\u00e0 spagnola vicino a Tarragona,\u00a0 dove, in un incidente stradale, due anni fa morirono 13 studentesse Erasmus, sette delle quali\u00a0 italiane.\u00a0 \u201cUna tragica, ingiusta fatalit\u00e0 ha interrotto i loro sogni, progetti, speranze. Il loro ricordo \u00e8 sempre vivo in noi\u201d, ha sottolineato Alfano . \u201cIn questa triste ricorrenza mi stringo alle famiglie delle ragazze e ribadisco l\u2019impegno della Farnesina nel continuare a seguire da vicino e con la massima attenzione gli sviluppi giudiziari della vicenda\u201d.<\/p>\n<p>Nella stessa giornata il ministro ha inaugurato la prima sala della Farnesina intitolata ad una donna ambasciatrice: \u201dPassione non come alternativa, ma complemento della ragione nella nostra vicenda professionale e umana: \u00e8 il lascito\u00a0 profondo a tutti noi dell\u2019ambasciatrice Carla Zuppetti\u201d, \u00a0ha twittato il ministro,\u00a0 ricordando la diplomatica scomparsa quasi cinque anni fa.<\/p>\n<p><strong>\u00a0<\/strong><\/p>\n<p><img loading=\"lazy\" decoding=\"async\" style=\"display: block; margin-left: auto; margin-right: auto;\" src=\"https:\/\/www.esteri.it\/mae\/resource\/img\/2018\/03\/3.jpg\" alt=\"3\" width=\"600\" height=\"400\" \/><\/p>\n<p>\u00a0<\/p>\n<p><strong>Il giorno dopo,<\/strong> il ministro ha partecipato alla tradizionale colazione di lavoro offerta al\u00a0 Quirinale dal Presidente Sergio Mattarella prima del Consiglio europeo, insieme al presidente del Consiglio Paolo Gentiloni e ad altri ministri. E <strong>il 22 marzo<\/strong> a Bruxelles, Alfano ha incontrato il Capo negoziatore UE per la Brexit, Michel Barnier, di cui ha detto di \u201capprezzare molto il lavoro fatto finora che ha permesso di ottenere ottimi risultati mantenendo una forte\u00a0 coesione tra i ventisette paesi membri dell\u2019UE\u201d. \u201cDa parte italiana \u2013 ha continuato il ministro &#8211; si ritiene indispensabile tutelare senza ambiguit\u00e0 e in concreto il godimento dei diritti acquisiti dei cittadini UE in UK e dei britannici nell\u2019UE, con particolare attenzione alle categorie pi\u00f9 vulnerabili, come, ad esempio, coloro che devono ricostruire la loro residenza pre-adesione e chi ha problemi nell\u2019accesso digitale\u201d. Sugli scambi commerciali, il ministro ha aggiunto che va costruito \u201cun Accordo di libero scambio che sia ampio e ambizioso, senza tuttavia compromettere l&#8217;integrit\u00e0 del Mercato Unico, mentre per quanto riguarda la sicurezza, riteniamo sia opportuno mantenere una stretta cooperazione operativa&#8221;. \u00a0Nel prossimo bilancio dell\u2019Unione europea &#8220;mancheranno gli undici miliardi circa, che sono il contributo annuale del Regno Unito, e questo render\u00e0 ancora pi\u00f9 difficile raggiungere l&#8217;accordo, che \u00e8 alla unanimit\u00e0&#8221;, ha evidenziato Alfano, ricordando che la politica agricola comune (Pac) &#8220;ha garantito ai consumatori un&#8217;alimentazione caratterizzata da requisiti di sicurezza e di qualit\u00e0 che sono all&#8217;avanguardia a livello mondiale. Il settore agricolo, inoltre, svolge una funzione di rilievo per la gestione del territorio e la tutela delle risorse naturali\u201d.<\/p>\n<p>\u00a0<\/p>\n<p><img loading=\"lazy\" decoding=\"async\" style=\"display: block; margin-left: auto; margin-right: auto;\" src=\"https:\/\/www.esteri.it\/mae\/resource\/img\/2018\/03\/4.jpg\" alt=\"4\" width=\"600\" height=\"376\" \/><\/p>\n<p>\u00a0<\/p>\n<p><strong>Venerd\u00ec 23 marzo<\/strong> un nuovo attacco terroristico contro un supermercato a Tr\u00e8bes sconvolge la Francia. Il ministro Alfano ha espresso \u201dil profondo cordoglio e la vicinanza dell\u2019Italia alle famiglie delle vittime e alla Francia. Uniti sempre contro il terrorismo\u201d. Successivamente, Alfano ha accolto alla Farnesina il collega\u00a0 tedesco Heiko Maas, con il quale ha avuto \u201cun colloquio molto cordiale e fruttuoso\u201d. \u201cA conferma dello strettissimo rapporto esistente tra Italia e Germania\u201d,\u00a0 ha detto Alfano,\u00a0 il ministro Maas\u00a0 \u201cha voluto includere Roma tra le primissime visite all\u2019estero del suo mandato. I due Paesi hanno eccellenti relazioni bilaterali, come dimostra anche un interscambio commerciale che vale oltre 120 miliardi di euro e una stretta collaborazione in ambito europeo e internazionale\u201d. I due paesi vogliono \u201candare avanti insieme sull\u2019Europa\u201d e Alfano ha collocato l\u2019Italia tra i paesi pi\u00f9 ambiziosi \u00a0rispetto alle future riforme dell\u2019Ue. Il ministro tedesco da parte sua ha espresso \u201cil forte interesse\u201d che l\u2019Italia resti anche in futuro uno degli interlocutori centrali per la Germania \u201ca prescindere da come andr\u00e0 avanti la formazione di un nuovo governo\u201d. \u00a0<\/p>\n<p><img loading=\"lazy\" decoding=\"async\" style=\"display: block; margin-left: auto; margin-right: auto;\" src=\"https:\/\/www.esteri.it\/mae\/resource\/img\/2018\/03\/5.jpg\" alt=\"5\" width=\"600\" height=\"444\" \/><\/p>\n<p>\u00a0<\/p>\n<p>Nella conferenza stampa Alfano seguita al colloquio, Alfano ha anche ricordato \u201cle grandi preoccupazioni\u201d per alcuni comportamenti della Turchia,\u00a0 riferendosi \u201calle questioni energetiche nel Mediterraneo orientale, di grande importanza per il governo italiano\u201d.<\/p>\n<p>L<strong>uned\u00ec 26 marzo<\/strong> il ministro ha espresso le sue \u201ccondoglianze e la vicinanza dell\u2019Italia al popolo e al governo della Russia per il tragico incendio del centro commerciale a Kemerovo\u201d,\u00a0 tra le cui vittime si contano molti bambini.<\/p>\n<p>Nella stessa giornata, la Farnesina ha annunciato anche la decisione di espellere dal territorio italiano due funzionari dell\u2019Ambasciata della Federazione Russa a Roma accreditati in lista diplomatica, \u201ca seguito delle conclusioni adottate dal Consiglio Europeo del 22 e 23 marzo scorso, in segno di solidariet\u00e0 con il Regno Unito e in coordinamento con partner europei e alleati della NATO\u201d.<\/p>\n<p>M<strong>arted\u00ec 27 <\/strong>il ministroha \u201ccondannato fermamente il nuovo lancio di missili balistici dei ribelli houthi dallo Yemen verso il territorio saudita, inclusa la capitale Riad, che ha preso di mira obiettivi civili e causato una vittima e alcuni feriti tra cittadini sauditi inermi\u201d. Nell\u2019esprimere la piena solidariet\u00e0 del nostro Paese verso l\u2019Arabia Saudita, il titolare della Farnesina ha indicato che \u201cla priorit\u00e0 deve essere la cessazione delle ostilit\u00e0, presupposto indispensabile per affrontare gli urgenti bisogni umanitari della popolazione civile\u201d. \u00a0\u201cL\u2019Italia \u00e8 pronta a dare ogni sostegno al nuovo Inviato Speciale delle Nazioni Unite, Martin Griffiths, nel vivo auspicio che possa dare un impulso risolutivo ai negoziati per porre fine a questo conflitto\u201d, ha concluso il ministro.\u00a0<\/p>\n<p>\u00a0<\/p>\n<p><img loading=\"lazy\" decoding=\"async\" style=\"display: block; margin-left: auto; margin-right: auto;\" src=\"https:\/\/www.esteri.it\/mae\/resource\/img\/2018\/03\/6.jpg\" alt=\"6\" width=\"600\" height=\"389\" \/><\/p>\n<p>\u00a0<\/p>\n<p>Alfano \u00a0si \u00e8 poi occupato di un\u2019altra crisi lontana geograficamente, ma in un\u2019area in cui \u00e8 molto alta la presenza di italiani, quella venezuelana:\u00a0 \u201cPer fronteggiare la crisi umanitaria\u201d provocata dall\u2019esodo di centinaia di migliaia di civili venezuelani in Brasile e Colombia \u00e8 stato disposto \u201ctramite la cooperazione italiana un finanziamento multilaterale di emergenza di 500.000 euro\u201d. La cifra andr\u00e0 all\u2019Unhcr, che la divider\u00e0 in parti uguali tra i due paesi\u00a0 per fornire una prima assistenza\u00a0 in \u00a0cure sanitarie e generi di prima necessit\u00e0 per \u00a0i civili venezuelani, con un\u2019attenzione particolare per le categorie pi\u00f9 vulnerabili, come i bambini.<\/p>\n<p>Energia e tematiche regionali sono stati al centro dell\u2019incontro che il ministro Alfano, <strong>gioved\u00ec 29 marzo, <\/strong>ha avuto alla Farnesina conil collega azero Elmar Mammadyarov.\u201cI rapporti bilaterali sono eccellenti: la frequenza dei nostri incontri testimonia quanto il nostro partenariato sia dinamico e promettente\u201d, ha detto Alfano, ricordando che \u201cla nostra partnership economica e commerciale poggia su solide basi in diversi settori, tra cui particolare importanza riveste quello energetico\u201d. \u00a0Il Corridoio meridionale del gas, ha aggiunto, \u00e8 \u201cun notevole esempio di cooperazione regionale che contribuisce alla crescita, alla stabilit\u00e0 e alla prosperit\u00e0 di tutti gli attori coinvolti\u201d.<\/p>\n<p><img loading=\"lazy\" decoding=\"async\" style=\"display: block; margin-left: auto; margin-right: auto;\" src=\"https:\/\/www.esteri.it\/mae\/resource\/img\/2018\/03\/7.jpg\" alt=\"7\" width=\"600\" height=\"400\" \/><\/p>\n<p>\u00a0<\/p>\n<p>La giornata si \u00e8 chiusa con una nota di soddisfazione per la nomina di Stefania Giannini a vicedirettrice generale per l\u2019educazione dell\u2019Unesco. \u00a0\u201c\u00c8 per noi motivo di orgoglio vedere attribuito ad una personalit\u00e0 accademica italiana di primo piano, qual \u00e8 Stefania Giannini, un incarico di questa importanza e delicatezza\u201d, ha detto Alfano. \u201dLa Direttrice Generale Azoulay ha riconosciuto le indubbie qualit\u00e0 e competenze dell\u2019ex Ministro dell\u2019istruzione, dell\u2019universit\u00e0 e della ricerca ed al tempo stesso il profondo, costante e crescente impegno dell\u2019Italia nell\u2019Organizzazione\u201d. Il Settore Educazione, che sar\u00e0 guidato da Stefania Giannini, \u00e8 il pi\u00f9 consistente dell\u2019UNESCO in termini di risorse di bilancio (oltre un terzo del totale) e di personale; da esso dipendono anche 7 istituti specializzati ed un centro per l\u2019educazione tecnica e professionale.<\/p>\n<p>\u00a0<\/p>\n<p><img loading=\"lazy\" decoding=\"async\" style=\"display: block; margin-left: auto; margin-right: auto;\" src=\"https:\/\/www.esteri.it\/mae\/resource\/img\/2018\/03\/8.jpg\" alt=\"8\" width=\"600\" height=\"379\" \/><\/p>\n<p>Prima del weekend pasquale, <strong>venerd\u00ec 30 marzo<\/strong>, arriva da Mosca la notizia della convocazione dell\u2019incaricato di affari dell\u2019ambasciata d\u2019Italia al quale \u00e8 stata consegnata una nota con la formalizzazione della decisione di espellere due funzionari della nostra ambasciata. Avranno una settimana di tempo per lasciare il paese.<\/p>\n","protected":false},"excerpt":{"rendered":"L\u2019Ue tra Brexit e bilancio e\u00a0 l\u2019incontro con i colleghi tedesco e azero Un impegno europeo apre la settimana che comincia \u00a0il 19 marzo:\u00a0 il ministro Alfano partecipa al Consiglio dei ministri degli esteri dell\u2019Ue a Bruxelles, un appuntamento con un gran numero di temi sul tavolo, dalle elezioni nella Federazione russa all\u2019Ucraina, dalla Siria [&hellip;]","protected":false},"author":1,"featured_media":0,"comment_status":"","ping_status":"","sticky":false,"template":"","format":"standard","meta":{"footnotes":""},"categories":[2],"tags":[76],"class_list":["post-9981","post","type-post","status-publish","format-standard","hentry","category-approfondimenti","tag-ministri-precedenti"],"_links":{"self":[{"href":"https:\/\/www.esteri.it\/it\/wp-json\/wp\/v2\/posts\/9981","targetHints":{"allow":["GET"]}}],"collection":[{"href":"https:\/\/www.esteri.it\/it\/wp-json\/wp\/v2\/posts"}],"about":[{"href":"https:\/\/www.esteri.it\/it\/wp-json\/wp\/v2\/types\/post"}],"author":[{"embeddable":true,"href":"https:\/\/www.esteri.it\/it\/wp-json\/wp\/v2\/users\/1"}],"replies":[{"embeddable":true,"href":"https:\/\/www.esteri.it\/it\/wp-json\/wp\/v2\/comments?post=9981"}],"version-history":[{"count":0,"href":"https:\/\/www.esteri.it\/it\/wp-json\/wp\/v2\/posts\/9981\/revisions"}],"wp:attachment":[{"href":"https:\/\/www.esteri.it\/it\/wp-json\/wp\/v2\/media?parent=9981"}],"wp:term":[{"taxonomy":"category","embeddable":true,"href":"https:\/\/www.esteri.it\/it\/wp-json\/wp\/v2\/categories?post=9981"},{"taxonomy":"post_tag","embeddable":true,"href":"https:\/\/www.esteri.it\/it\/wp-json\/wp\/v2\/tags?post=9981"}],"curies":[{"name":"wp","href":"https:\/\/api.w.org\/{rel}","templated":true}]}}